{"id":7785,"date":"2024-08-02T14:27:21","date_gmt":"2024-08-02T19:27:21","guid":{"rendered":"https:\/\/ensst.edu.co\/ens\/?p=7785"},"modified":"2024-08-12T20:12:06","modified_gmt":"2024-08-13T01:12:06","slug":"comunicado-a-la-opinion-publica","status":"publish","type":"post","link":"https:\/\/ensst.edu.co\/ens\/2024\/08\/02\/comunicado-a-la-opinion-publica\/","title":{"rendered":"COMUNICADO A LA opini\u00f3n PUBLICA"},"content":{"rendered":"\t\t<div data-elementor-type=\"wp-post\" data-elementor-id=\"7785\" class=\"elementor elementor-7785\" data-elementor-post-type=\"post\">\n\t\t\t\t\t\t<section class=\"elementor-section elementor-top-section elementor-element elementor-element-cb9856c elementor-section-boxed elementor-section-height-default elementor-section-height-default\" data-id=\"cb9856c\" data-element_type=\"section\" data-e-type=\"section\">\n\t\t\t\t\t\t<div class=\"elementor-container elementor-column-gap-default\">\n\t\t\t\t\t<div class=\"elementor-column elementor-col-100 elementor-top-column elementor-element elementor-element-da57081\" data-id=\"da57081\" data-element_type=\"column\" data-e-type=\"column\">\n\t\t\t<div class=\"elementor-widget-wrap elementor-element-populated\">\n\t\t\t\t\t\t<div class=\"elementor-element elementor-element-dd3f9f7 elementor-widget elementor-widget-text-editor\" data-id=\"dd3f9f7\" data-element_type=\"widget\" data-e-type=\"widget\" data-widget_type=\"text-editor.default\">\n\t\t\t\t<div class=\"elementor-widget-container\">\n\t\t\t\t\t\t\t\t\t<p>Ante los hechos ocurridos el d\u00eda 1 de agosto en las horas de la tarde, por un presunto caso de violencia sexual, en donde se ve involucrado un docente y una estudiante menor de edad, la Rector\u00eda de la Escuela Normal se permite comunicar que: se activ\u00f3 la ruta c\u00f3digo verde de manera inmediata; como primera acci\u00f3n desplegada se atendi\u00f3 la menor por parte de psicoorintaci\u00f3n, coordinaci\u00f3n de convivencia y rector\u00eda, se citaron los padres de familia de manera inmediata para que la menor les relatara los hechos, se hizo el denuncio ante el ICBF para la restauraci\u00f3n de los derechos de la menor; se orient\u00f3 a la familia para que instauraran la denuncia ante la Fiscal\u00eda y para que la ni\u00f1a fuera atendida de manera prioritaria en centro m\u00e9dico. Condeno cualquier hecho de violencia contra los menores por parte de cualquier persona especialmente de docentes y dejo en claro que las acciones individuales de los funcionarios, son casos aislados y no reflejan el sentir de la comunidad educativa de la Instituci\u00f3n y a\u00fan menos de los directivos. Estar\u00e9 atento a colaborar con la Fiscal\u00eda y todos los entes de control en donde sea requerido para que se esclarezcan los hechos y se imparta justicia. En estos momentos el profesor se encuentra a disposici\u00f3n de la justicia, totalmente aislado del estudiantado, quienes en adelante recibir\u00e1n clases por otro profesional.<\/p><p>Lamentando profundamente en nombre de la comunidad educativa lo ocurrido; son mis deseos que la Escuela Normal Superior Santiago de Tunja, siga formando de manera integral a esta gran poblaci\u00f3n estudiantil, tarea que se ha realizado durante 152 a\u00f1os ininterrumpidos. <br \/><br \/><\/p>\t\t\t\t\t\t\t\t<\/div>\n\t\t\t\t<\/div>\n\t\t\t\t\t<\/div>\n\t\t<\/div>\n\t\t\t\t\t<\/div>\n\t\t<\/section>\n\t\t\t\t<section class=\"elementor-section elementor-top-section elementor-element elementor-element-f315682 elementor-section-boxed elementor-section-height-default elementor-section-height-default\" data-id=\"f315682\" data-element_type=\"section\" data-e-type=\"section\">\n\t\t\t\t\t\t<div class=\"elementor-container elementor-column-gap-default\">\n\t\t\t\t\t<div class=\"elementor-column elementor-col-100 elementor-top-column elementor-element elementor-element-512d42b\" data-id=\"512d42b\" data-element_type=\"column\" data-e-type=\"column\">\n\t\t\t<div class=\"elementor-widget-wrap elementor-element-populated\">\n\t\t\t\t\t\t<section class=\"elementor-section elementor-inner-section elementor-element elementor-element-705875e elementor-section-boxed elementor-section-height-default elementor-section-height-default\" data-id=\"705875e\" data-element_type=\"section\" data-e-type=\"section\">\n\t\t\t\t\t\t<div class=\"elementor-container elementor-column-gap-default\">\n\t\t\t\t\t<div class=\"elementor-column elementor-col-100 elementor-inner-column elementor-element elementor-element-b529665\" data-id=\"b529665\" data-element_type=\"column\" data-e-type=\"column\">\n\t\t\t<div class=\"elementor-widget-wrap elementor-element-populated\">\n\t\t\t\t\t\t<div class=\"elementor-element elementor-element-9e9cd6b elementor-widget elementor-widget-text-editor\" data-id=\"9e9cd6b\" data-element_type=\"widget\" data-e-type=\"widget\" data-widget_type=\"text-editor.default\">\n\t\t\t\t<div class=\"elementor-widget-container\">\n\t\t\t\t\t\t\t\t\t<p style=\"text-align: left;\">Atentamente,<\/p><p style=\"text-align: center;\"><strong>MAURICIO FONSECA ALVAREZ. <\/strong><\/p><p style=\"text-align: center;\"><strong>RECTOR<\/strong><\/p>\t\t\t\t\t\t\t\t<\/div>\n\t\t\t\t<\/div>\n\t\t\t\t\t<\/div>\n\t\t<\/div>\n\t\t\t\t\t<\/div>\n\t\t<\/section>\n\t\t\t\t\t<\/div>\n\t\t<\/div>\n\t\t\t\t\t<\/div>\n\t\t<\/section>\n\t\t\t\t<\/div>\n\t\t","protected":false},"excerpt":{"rendered":"<p>Ante los hechos ocurridos el d\u00eda 1 de agosto en las horas de la tarde, por un presunto caso de violencia sexual, en donde se ve involucrado un docente y una estudiante menor de edad, la Rector\u00eda de la Escuela Normal se permite comunicar que: se activ\u00f3 la ruta c\u00f3digo verde de manera inmediata; como [&hellip;]<\/p>\n","protected":false},"author":1,"featured_media":7791,"comment_status":"closed","ping_status":"open","sticky":false,"template":"","format":"standard","meta":{"footnotes":""},"categories":[14],"tags":[],"class_list":["post-7785","post","type-post","status-publish","format-standard","has-post-thumbnail","hentry","category-comunicados","entry","has-media"],"yoast_head":"<!-- This site is optimized with the Yoast SEO Premium plugin v26.9 (Yoast SEO v27.4) - https:\/\/yoast.com\/product\/yoast-seo-premium-wordpress\/ -->\n<title>COMUNICADO A LA opini\u00f3n PUBLICA - ESCUELA NORMAL SUPERIOR SANTIAGO DE TUNJA<\/title>\n<meta name=\"description\" content=\"Ante los hechos ocurridos el d\u00eda 1 de agosto en las horas de la tarde, por un presunto caso de violencia sexual...\" \/>\n<meta name=\"robots\" content=\"index, follow, max-snippet:-1, max-image-preview:large, max-video-preview:-1\" \/>\n<link rel=\"canonical\" href=\"https:\/\/ensst.edu.co\/ens\/2024\/08\/02\/comunicado-a-la-opinion-publica\/\" \/>\n<meta property=\"og:locale\" content=\"es_ES\" \/>\n<meta property=\"og:type\" content=\"article\" \/>\n<meta property=\"og:title\" content=\"COMUNICADO A LA opini\u00f3n PUBLICA\" \/>\n<meta property=\"og:description\" content=\"Ante los hechos ocurridos el d\u00eda 1 de agosto en las horas de la tarde, por un presunto caso de violencia sexual...\" \/>\n<meta property=\"og:url\" content=\"https:\/\/ensst.edu.co\/ens\/2024\/08\/02\/comunicado-a-la-opinion-publica\/\" \/>\n<meta property=\"og:site_name\" content=\"ESCUELA NORMAL SUPERIOR SANTIAGO DE TUNJA\" \/>\n<meta property=\"article:published_time\" content=\"2024-08-02T19:27:21+00:00\" \/>\n<meta property=\"article:modified_time\" content=\"2024-08-13T01:12:06+00:00\" \/>\n<meta property=\"og:image\" content=\"https:\/\/ensst.edu.co\/ens\/wp-content\/uploads\/2024\/08\/COMUNICADO.png\" \/>\n\t<meta property=\"og:image:width\" content=\"538\" \/>\n\t<meta property=\"og:image:height\" content=\"306\" \/>\n\t<meta property=\"og:image:type\" content=\"image\/png\" \/>\n<meta name=\"author\" content=\"ensstedu\" \/>\n<meta name=\"twitter:card\" content=\"summary_large_image\" \/>\n<meta name=\"twitter:label1\" content=\"Escrito por\" \/>\n\t<meta name=\"twitter:data1\" content=\"ensstedu\" \/>\n\t<meta name=\"twitter:label2\" content=\"Tiempo de lectura\" \/>\n\t<meta name=\"twitter:data2\" content=\"2 minutos\" \/>\n<script type=\"application\/ld+json\" class=\"yoast-schema-graph\">{\"@context\":\"https:\\\/\\\/schema.org\",\"@graph\":[{\"@type\":\"Article\",\"@id\":\"https:\\\/\\\/ensst.edu.co\\\/ens\\\/2024\\\/08\\\/02\\\/comunicado-a-la-opinion-publica\\\/#article\",\"isPartOf\":{\"@id\":\"https:\\\/\\\/ensst.edu.co\\\/ens\\\/2024\\\/08\\\/02\\\/comunicado-a-la-opinion-publica\\\/\"},\"author\":{\"name\":\"ensstedu\",\"@id\":\"https:\\\/\\\/ensst.edu.co\\\/ens\\\/#\\\/schema\\\/person\\\/8d2641fc7ac8d6c94185f26ebd409116\"},\"headline\":\"COMUNICADO A LA opini\u00f3n PUBLICA\",\"datePublished\":\"2024-08-02T19:27:21+00:00\",\"dateModified\":\"2024-08-13T01:12:06+00:00\",\"mainEntityOfPage\":{\"@id\":\"https:\\\/\\\/ensst.edu.co\\\/ens\\\/2024\\\/08\\\/02\\\/comunicado-a-la-opinion-publica\\\/\"},\"wordCount\":296,\"publisher\":{\"@id\":\"https:\\\/\\\/ensst.edu.co\\\/ens\\\/#organization\"},\"image\":{\"@id\":\"https:\\\/\\\/ensst.edu.co\\\/ens\\\/2024\\\/08\\\/02\\\/comunicado-a-la-opinion-publica\\\/#primaryimage\"},\"thumbnailUrl\":\"https:\\\/\\\/ensst.edu.co\\\/ens\\\/wp-content\\\/uploads\\\/2024\\\/08\\\/COMUNICADO.png\",\"articleSection\":[\"COMUNICADOS\"],\"inLanguage\":\"es\"},{\"@type\":\"WebPage\",\"@id\":\"https:\\\/\\\/ensst.edu.co\\\/ens\\\/2024\\\/08\\\/02\\\/comunicado-a-la-opinion-publica\\\/\",\"url\":\"https:\\\/\\\/ensst.edu.co\\\/ens\\\/2024\\\/08\\\/02\\\/comunicado-a-la-opinion-publica\\\/\",\"name\":\"COMUNICADO A LA opini\u00f3n PUBLICA - ESCUELA NORMAL SUPERIOR SANTIAGO DE TUNJA\",\"isPartOf\":{\"@id\":\"https:\\\/\\\/ensst.edu.co\\\/ens\\\/#website\"},\"primaryImageOfPage\":{\"@id\":\"https:\\\/\\\/ensst.edu.co\\\/ens\\\/2024\\\/08\\\/02\\\/comunicado-a-la-opinion-publica\\\/#primaryimage\"},\"image\":{\"@id\":\"https:\\\/\\\/ensst.edu.co\\\/ens\\\/2024\\\/08\\\/02\\\/comunicado-a-la-opinion-publica\\\/#primaryimage\"},\"thumbnailUrl\":\"https:\\\/\\\/ensst.edu.co\\\/ens\\\/wp-content\\\/uploads\\\/2024\\\/08\\\/COMUNICADO.png\",\"datePublished\":\"2024-08-02T19:27:21+00:00\",\"dateModified\":\"2024-08-13T01:12:06+00:00\",\"description\":\"Ante los hechos ocurridos el d\u00eda 1 de agosto en las horas de la tarde, por un presunto caso de violencia sexual...\",\"breadcrumb\":{\"@id\":\"https:\\\/\\\/ensst.edu.co\\\/ens\\\/2024\\\/08\\\/02\\\/comunicado-a-la-opinion-publica\\\/#breadcrumb\"},\"inLanguage\":\"es\",\"potentialAction\":[{\"@type\":\"ReadAction\",\"target\":[\"https:\\\/\\\/ensst.edu.co\\\/ens\\\/2024\\\/08\\\/02\\\/comunicado-a-la-opinion-publica\\\/\"]}]},{\"@type\":\"ImageObject\",\"inLanguage\":\"es\",\"@id\":\"https:\\\/\\\/ensst.edu.co\\\/ens\\\/2024\\\/08\\\/02\\\/comunicado-a-la-opinion-publica\\\/#primaryimage\",\"url\":\"https:\\\/\\\/ensst.edu.co\\\/ens\\\/wp-content\\\/uploads\\\/2024\\\/08\\\/COMUNICADO.png\",\"contentUrl\":\"https:\\\/\\\/ensst.edu.co\\\/ens\\\/wp-content\\\/uploads\\\/2024\\\/08\\\/COMUNICADO.png\",\"width\":538,\"height\":306},{\"@type\":\"BreadcrumbList\",\"@id\":\"https:\\\/\\\/ensst.edu.co\\\/ens\\\/2024\\\/08\\\/02\\\/comunicado-a-la-opinion-publica\\\/#breadcrumb\",\"itemListElement\":[{\"@type\":\"ListItem\",\"position\":1,\"name\":\"Portada\",\"item\":\"https:\\\/\\\/ensst.edu.co\\\/ens\\\/\"},{\"@type\":\"ListItem\",\"position\":2,\"name\":\"COMUNICADO A LA opini\u00f3n PUBLICA\"}]},{\"@type\":\"WebSite\",\"@id\":\"https:\\\/\\\/ensst.edu.co\\\/ens\\\/#website\",\"url\":\"https:\\\/\\\/ensst.edu.co\\\/ens\\\/\",\"name\":\"ESCUELA NORMAL SUPERIOR SANTIAGO DE TUNJA\",\"description\":\"TUNJA - BOYAC\u00c1\",\"publisher\":{\"@id\":\"https:\\\/\\\/ensst.edu.co\\\/ens\\\/#organization\"},\"potentialAction\":[{\"@type\":\"SearchAction\",\"target\":{\"@type\":\"EntryPoint\",\"urlTemplate\":\"https:\\\/\\\/ensst.edu.co\\\/ens\\\/?s={search_term_string}\"},\"query-input\":{\"@type\":\"PropertyValueSpecification\",\"valueRequired\":true,\"valueName\":\"search_term_string\"}}],\"inLanguage\":\"es\"},{\"@type\":\"Organization\",\"@id\":\"https:\\\/\\\/ensst.edu.co\\\/ens\\\/#organization\",\"name\":\"ESCUELA NORMAL SUPERIOR SANTIAGO DE TUNJA\",\"url\":\"https:\\\/\\\/ensst.edu.co\\\/ens\\\/\",\"logo\":{\"@type\":\"ImageObject\",\"inLanguage\":\"es\",\"@id\":\"https:\\\/\\\/ensst.edu.co\\\/ens\\\/#\\\/schema\\\/logo\\\/image\\\/\",\"url\":\"https:\\\/\\\/ensst.edu.co\\\/ens\\\/wp-content\\\/uploads\\\/2020\\\/05\\\/cropped-Escudo-1.png\",\"contentUrl\":\"https:\\\/\\\/ensst.edu.co\\\/ens\\\/wp-content\\\/uploads\\\/2020\\\/05\\\/cropped-Escudo-1.png\",\"width\":512,\"height\":512,\"caption\":\"ESCUELA NORMAL SUPERIOR SANTIAGO DE TUNJA\"},\"image\":{\"@id\":\"https:\\\/\\\/ensst.edu.co\\\/ens\\\/#\\\/schema\\\/logo\\\/image\\\/\"}},{\"@type\":\"Person\",\"@id\":\"https:\\\/\\\/ensst.edu.co\\\/ens\\\/#\\\/schema\\\/person\\\/8d2641fc7ac8d6c94185f26ebd409116\",\"name\":\"ensstedu\",\"image\":{\"@type\":\"ImageObject\",\"inLanguage\":\"es\",\"@id\":\"https:\\\/\\\/secure.gravatar.com\\\/avatar\\\/e749275d06ff58ffd0d716ba1502b0092da49d07e52fc6801cf7d095f41ca27e?s=96&d=mm&r=g\",\"url\":\"https:\\\/\\\/secure.gravatar.com\\\/avatar\\\/e749275d06ff58ffd0d716ba1502b0092da49d07e52fc6801cf7d095f41ca27e?s=96&d=mm&r=g\",\"contentUrl\":\"https:\\\/\\\/secure.gravatar.com\\\/avatar\\\/e749275d06ff58ffd0d716ba1502b0092da49d07e52fc6801cf7d095f41ca27e?s=96&d=mm&r=g\",\"caption\":\"ensstedu\"},\"sameAs\":[\"https:\\\/\\\/ensst.edu.co\\\/ens\"],\"url\":\"https:\\\/\\\/ensst.edu.co\\\/ens\\\/author\\\/ensstedu\\\/\"}]}<\/script>\n<!-- \/ Yoast SEO Premium plugin. -->","yoast_head_json":{"title":"COMUNICADO A LA opini\u00f3n PUBLICA - ESCUELA NORMAL SUPERIOR SANTIAGO DE TUNJA","description":"Ante los hechos ocurridos el d\u00eda 1 de agosto en las horas de la tarde, por un presunto caso de violencia sexual...","robots":{"index":"index","follow":"follow","max-snippet":"max-snippet:-1","max-image-preview":"max-image-preview:large","max-video-preview":"max-video-preview:-1"},"canonical":"https:\/\/ensst.edu.co\/ens\/2024\/08\/02\/comunicado-a-la-opinion-publica\/","og_locale":"es_ES","og_type":"article","og_title":"COMUNICADO A LA opini\u00f3n PUBLICA","og_description":"Ante los hechos ocurridos el d\u00eda 1 de agosto en las horas de la tarde, por un presunto caso de violencia sexual...","og_url":"https:\/\/ensst.edu.co\/ens\/2024\/08\/02\/comunicado-a-la-opinion-publica\/","og_site_name":"ESCUELA NORMAL SUPERIOR SANTIAGO DE TUNJA","article_published_time":"2024-08-02T19:27:21+00:00","article_modified_time":"2024-08-13T01:12:06+00:00","og_image":[{"width":538,"height":306,"url":"https:\/\/ensst.edu.co\/ens\/wp-content\/uploads\/2024\/08\/COMUNICADO.png","type":"image\/png"}],"author":"ensstedu","twitter_card":"summary_large_image","twitter_misc":{"Escrito por":"ensstedu","Tiempo de lectura":"2 minutos"},"schema":{"@context":"https:\/\/schema.org","@graph":[{"@type":"Article","@id":"https:\/\/ensst.edu.co\/ens\/2024\/08\/02\/comunicado-a-la-opinion-publica\/#article","isPartOf":{"@id":"https:\/\/ensst.edu.co\/ens\/2024\/08\/02\/comunicado-a-la-opinion-publica\/"},"author":{"name":"ensstedu","@id":"https:\/\/ensst.edu.co\/ens\/#\/schema\/person\/8d2641fc7ac8d6c94185f26ebd409116"},"headline":"COMUNICADO A LA opini\u00f3n PUBLICA","datePublished":"2024-08-02T19:27:21+00:00","dateModified":"2024-08-13T01:12:06+00:00","mainEntityOfPage":{"@id":"https:\/\/ensst.edu.co\/ens\/2024\/08\/02\/comunicado-a-la-opinion-publica\/"},"wordCount":296,"publisher":{"@id":"https:\/\/ensst.edu.co\/ens\/#organization"},"image":{"@id":"https:\/\/ensst.edu.co\/ens\/2024\/08\/02\/comunicado-a-la-opinion-publica\/#primaryimage"},"thumbnailUrl":"https:\/\/ensst.edu.co\/ens\/wp-content\/uploads\/2024\/08\/COMUNICADO.png","articleSection":["COMUNICADOS"],"inLanguage":"es"},{"@type":"WebPage","@id":"https:\/\/ensst.edu.co\/ens\/2024\/08\/02\/comunicado-a-la-opinion-publica\/","url":"https:\/\/ensst.edu.co\/ens\/2024\/08\/02\/comunicado-a-la-opinion-publica\/","name":"COMUNICADO A LA opini\u00f3n PUBLICA - ESCUELA NORMAL SUPERIOR SANTIAGO DE TUNJA","isPartOf":{"@id":"https:\/\/ensst.edu.co\/ens\/#website"},"primaryImageOfPage":{"@id":"https:\/\/ensst.edu.co\/ens\/2024\/08\/02\/comunicado-a-la-opinion-publica\/#primaryimage"},"image":{"@id":"https:\/\/ensst.edu.co\/ens\/2024\/08\/02\/comunicado-a-la-opinion-publica\/#primaryimage"},"thumbnailUrl":"https:\/\/ensst.edu.co\/ens\/wp-content\/uploads\/2024\/08\/COMUNICADO.png","datePublished":"2024-08-02T19:27:21+00:00","dateModified":"2024-08-13T01:12:06+00:00","description":"Ante los hechos ocurridos el d\u00eda 1 de agosto en las horas de la tarde, por un presunto caso de violencia sexual...","breadcrumb":{"@id":"https:\/\/ensst.edu.co\/ens\/2024\/08\/02\/comunicado-a-la-opinion-publica\/#breadcrumb"},"inLanguage":"es","potentialAction":[{"@type":"ReadAction","target":["https:\/\/ensst.edu.co\/ens\/2024\/08\/02\/comunicado-a-la-opinion-publica\/"]}]},{"@type":"ImageObject","inLanguage":"es","@id":"https:\/\/ensst.edu.co\/ens\/2024\/08\/02\/comunicado-a-la-opinion-publica\/#primaryimage","url":"https:\/\/ensst.edu.co\/ens\/wp-content\/uploads\/2024\/08\/COMUNICADO.png","contentUrl":"https:\/\/ensst.edu.co\/ens\/wp-content\/uploads\/2024\/08\/COMUNICADO.png","width":538,"height":306},{"@type":"BreadcrumbList","@id":"https:\/\/ensst.edu.co\/ens\/2024\/08\/02\/comunicado-a-la-opinion-publica\/#breadcrumb","itemListElement":[{"@type":"ListItem","position":1,"name":"Portada","item":"https:\/\/ensst.edu.co\/ens\/"},{"@type":"ListItem","position":2,"name":"COMUNICADO A LA opini\u00f3n PUBLICA"}]},{"@type":"WebSite","@id":"https:\/\/ensst.edu.co\/ens\/#website","url":"https:\/\/ensst.edu.co\/ens\/","name":"ESCUELA NORMAL SUPERIOR SANTIAGO DE TUNJA","description":"TUNJA - BOYAC\u00c1","publisher":{"@id":"https:\/\/ensst.edu.co\/ens\/#organization"},"potentialAction":[{"@type":"SearchAction","target":{"@type":"EntryPoint","urlTemplate":"https:\/\/ensst.edu.co\/ens\/?s={search_term_string}"},"query-input":{"@type":"PropertyValueSpecification","valueRequired":true,"valueName":"search_term_string"}}],"inLanguage":"es"},{"@type":"Organization","@id":"https:\/\/ensst.edu.co\/ens\/#organization","name":"ESCUELA NORMAL SUPERIOR SANTIAGO DE TUNJA","url":"https:\/\/ensst.edu.co\/ens\/","logo":{"@type":"ImageObject","inLanguage":"es","@id":"https:\/\/ensst.edu.co\/ens\/#\/schema\/logo\/image\/","url":"https:\/\/ensst.edu.co\/ens\/wp-content\/uploads\/2020\/05\/cropped-Escudo-1.png","contentUrl":"https:\/\/ensst.edu.co\/ens\/wp-content\/uploads\/2020\/05\/cropped-Escudo-1.png","width":512,"height":512,"caption":"ESCUELA NORMAL SUPERIOR SANTIAGO DE TUNJA"},"image":{"@id":"https:\/\/ensst.edu.co\/ens\/#\/schema\/logo\/image\/"}},{"@type":"Person","@id":"https:\/\/ensst.edu.co\/ens\/#\/schema\/person\/8d2641fc7ac8d6c94185f26ebd409116","name":"ensstedu","image":{"@type":"ImageObject","inLanguage":"es","@id":"https:\/\/secure.gravatar.com\/avatar\/e749275d06ff58ffd0d716ba1502b0092da49d07e52fc6801cf7d095f41ca27e?s=96&d=mm&r=g","url":"https:\/\/secure.gravatar.com\/avatar\/e749275d06ff58ffd0d716ba1502b0092da49d07e52fc6801cf7d095f41ca27e?s=96&d=mm&r=g","contentUrl":"https:\/\/secure.gravatar.com\/avatar\/e749275d06ff58ffd0d716ba1502b0092da49d07e52fc6801cf7d095f41ca27e?s=96&d=mm&r=g","caption":"ensstedu"},"sameAs":["https:\/\/ensst.edu.co\/ens"],"url":"https:\/\/ensst.edu.co\/ens\/author\/ensstedu\/"}]}},"_links":{"self":[{"href":"https:\/\/ensst.edu.co\/ens\/wp-json\/wp\/v2\/posts\/7785","targetHints":{"allow":["GET"]}}],"collection":[{"href":"https:\/\/ensst.edu.co\/ens\/wp-json\/wp\/v2\/posts"}],"about":[{"href":"https:\/\/ensst.edu.co\/ens\/wp-json\/wp\/v2\/types\/post"}],"author":[{"embeddable":true,"href":"https:\/\/ensst.edu.co\/ens\/wp-json\/wp\/v2\/users\/1"}],"replies":[{"embeddable":true,"href":"https:\/\/ensst.edu.co\/ens\/wp-json\/wp\/v2\/comments?post=7785"}],"version-history":[{"count":10,"href":"https:\/\/ensst.edu.co\/ens\/wp-json\/wp\/v2\/posts\/7785\/revisions"}],"predecessor-version":[{"id":7812,"href":"https:\/\/ensst.edu.co\/ens\/wp-json\/wp\/v2\/posts\/7785\/revisions\/7812"}],"wp:featuredmedia":[{"embeddable":true,"href":"https:\/\/ensst.edu.co\/ens\/wp-json\/wp\/v2\/media\/7791"}],"wp:attachment":[{"href":"https:\/\/ensst.edu.co\/ens\/wp-json\/wp\/v2\/media?parent=7785"}],"wp:term":[{"taxonomy":"category","embeddable":true,"href":"https:\/\/ensst.edu.co\/ens\/wp-json\/wp\/v2\/categories?post=7785"},{"taxonomy":"post_tag","embeddable":true,"href":"https:\/\/ensst.edu.co\/ens\/wp-json\/wp\/v2\/tags?post=7785"}],"curies":[{"name":"wp","href":"https:\/\/api.w.org\/{rel}","templated":true}]}}