{"id":6135,"date":"2023-09-30T15:18:07","date_gmt":"2023-09-30T20:18:07","guid":{"rendered":"https:\/\/ensst.edu.co\/ens\/?p=6135"},"modified":"2023-09-30T16:42:15","modified_gmt":"2023-09-30T21:42:15","slug":"rendicion-de-cuentas-publicas-primer-semestre-del-ano-2023","status":"publish","type":"post","link":"https:\/\/ensst.edu.co\/ens\/2023\/09\/30\/rendicion-de-cuentas-publicas-primer-semestre-del-ano-2023\/","title":{"rendered":"RENDICI\u00d3N DE CUENTAS P\u00daBLICAS PRIMER SEMESTRE DEL A\u00d1O 2023"},"content":{"rendered":"\t\t<div data-elementor-type=\"wp-post\" data-elementor-id=\"6135\" class=\"elementor elementor-6135\" data-elementor-post-type=\"post\">\n\t\t\t\t\t\t<section class=\"elementor-section elementor-top-section elementor-element elementor-element-b97d554 elementor-section-boxed elementor-section-height-default elementor-section-height-default\" data-id=\"b97d554\" data-element_type=\"section\" data-e-type=\"section\">\n\t\t\t\t\t\t<div class=\"elementor-container elementor-column-gap-default\">\n\t\t\t\t\t<div class=\"elementor-column elementor-col-100 elementor-top-column elementor-element elementor-element-97ba078\" data-id=\"97ba078\" data-element_type=\"column\" data-e-type=\"column\">\n\t\t\t<div class=\"elementor-widget-wrap elementor-element-populated\">\n\t\t\t\t\t\t<div class=\"elementor-element elementor-element-de163d3 elementor-widget elementor-widget-text-editor\" data-id=\"de163d3\" data-element_type=\"widget\" data-e-type=\"widget\" data-widget_type=\"text-editor.default\">\n\t\t\t\t<div class=\"elementor-widget-container\">\n\t\t\t\t\t\t\t\t\t<p>Descarga los documentos completos de la Rendici\u00f3n de Cuentas P\u00fablicas del Primer Semestre del A\u00f1o 2023.<\/p><p>A continuaci\u00f3n, encontrar\u00e1s:<\/p><ul><li><strong><span style=\"color: #3366ff;\"><a style=\"color: #3366ff;\" href=\"https:\/\/ensst.edu.co\/ens\/wp-content\/uploads\/2023\/09\/ACTA-RENDICION-DE-CUENTAS-08-DE-AGOSTO-2023.docx\" target=\"_blank\" rel=\"noopener\">ACTA RENDICION DE CUENTAS, 08 DE AGOSTO 2023.<\/a><\/span><\/strong><\/li><li><strong><span style=\"color: #3366ff;\"><a style=\"color: #3366ff;\" href=\"https:\/\/ensst.edu.co\/ens\/wp-content\/uploads\/2023\/09\/REN.-CUENTAS-GESTION-ADVA-Y-FINANCIERA.pdf\" target=\"_blank\" rel=\"noopener\">REN. CUENTAS &#8211; GESTION ADVA Y FINANCIERA.<\/a><\/span><\/strong><\/li><li><span style=\"color: #3366ff;\"><strong><a style=\"color: #3366ff;\" href=\"https:\/\/ensst.edu.co\/ens\/wp-content\/uploads\/2023\/09\/REN.-CUENTAS-ZOE-AGOSTO.pdf\" target=\"_blank\" rel=\"noopener\">REN. CUENTAS ZOE AGOSTO.<\/a><\/strong><\/span><\/li><li><span style=\"color: #3366ff;\"><strong><a style=\"color: #3366ff;\" href=\"https:\/\/ensst.edu.co\/ens\/wp-content\/uploads\/2023\/09\/REN.CUENTAS-GESTION-COMUNIDAD.pdf\" target=\"_blank\" rel=\"noopener\">REN.CUENTAS &#8211; GESTION COMUNIDAD.<\/a><\/strong><\/span><\/li><li><strong><span style=\"color: #3366ff;\"><a style=\"color: #3366ff;\" href=\"https:\/\/ensst.edu.co\/ens\/wp-content\/uploads\/2023\/09\/REN.-CUENTAS-GESTION-ACADEMICA-I-SEM-2023.pdf\" target=\"_blank\" rel=\"noopener\">REN. CUENTAS &#8211; GESTION ACADEMICA-I-SEM-2023.<\/a><\/span><\/strong><\/li><li><a href=\"https:\/\/ensst.edu.co\/ens\/wp-content\/uploads\/2023\/09\/REN.-CUENTAS-INF.-ENFERMERIA.pdf\" target=\"_blank\" rel=\"noopener\"><span style=\"color: #3366ff;\"><strong>REN. CUENTAS &#8211; INF. ENFERMERIA.<\/strong><\/span><\/a><\/li><li><strong><span style=\"color: #3366ff;\"><a style=\"color: #3366ff;\" href=\"https:\/\/ensst.edu.co\/ens\/wp-content\/uploads\/2023\/09\/REN.-CUENTAS-GESTION-DIRECTIVA.pdf\" target=\"_blank\" rel=\"noopener\">REN. CUENTAS &#8211; GESTION DIRECTIVA.<\/a><\/span><\/strong><\/li><\/ul>\t\t\t\t\t\t\t\t<\/div>\n\t\t\t\t<\/div>\n\t\t\t\t<div class=\"elementor-element elementor-element-ddc14c6 elementor-widget elementor-widget-ucaddon_dropdown_button\" data-id=\"ddc14c6\" data-element_type=\"widget\" data-e-type=\"widget\" data-widget_type=\"ucaddon_dropdown_button.default\">\n\t\t\t\t<div class=\"elementor-widget-container\">\n\t\t\t\t\t\n<!-- start Dropdown Button -->\n\t\t<link id='font-awesome-css' href='https:\/\/ensst.edu.co\/ens\/wp-content\/plugins\/unlimited-elements-for-elementor-premium\/assets_libraries\/font-awesome6\/fontawesome-all.min.css' type='text\/css' rel='stylesheet' >\n\t\t<link id='font-awesome-4-shim-css' href='https:\/\/ensst.edu.co\/ens\/wp-content\/plugins\/unlimited-elements-for-elementor-premium\/assets_libraries\/font-awesome6\/fontawesome-v4-shims.min.css' type='text\/css' rel='stylesheet' >\n\n<style>\/* widget: Dropdown Button *\/\n\n#uc_dropdown_button_elementor_ddc14c6 {\n  display:flex;\n  align-items: center;\n}\n#uc_dropdown_button_elementor_ddc14c6 .ca_btn_container{\n  position: relative;\n  display: inline-block;\n}\n#uc_dropdown_button_elementor_ddc14c6 .ca_btn {\n  display:inline-flex;\n  align-items: center;\n  box-sizing: border-box;\n  overflow: hidden;\n  cursor: pointer;\n}\n#uc_dropdown_button_elementor_ddc14c6 .ca_btn:focus .ca_dropdown, #uc_dropdown_button_elementor_ddc14c6 .ca_btn:hover .ca_dropdown {\n  left:50%;\n  transform: translate(-50%, 10px);\n  opacity: 1;\n  visibility: visible;\n  transition-delay: 0ms;\n}\n#uc_dropdown_button_elementor_ddc14c6 .ca_btn .ca_dropdown {\n  width:100%;\n  margin: 0;\n  padding: 0;\n  transform: translate(-50%, 25px);\n  position: absolute;\n  top: 100%;\n  left:50%;\n  text-align: left;\n  opacity: 0;\n  visibility: hidden;\n  z-index:9999;\n  overflow: hidden;\n  display: flex;\n  flex-direction: column;\n}\n\n\n#uc_dropdown_button_elementor_ddc14c6 .ca_btn .ca_dropdown li {\n  z-index: 1;\n  position: relative;\n  margin: 0;\n  list-style: none;\n  margin: 0;\n  display: inline;\n}\n#uc_dropdown_button_elementor_ddc14c6 .ca_btn .ca_dropdown li:last-child a {\n  border-bottom: 0;\n}\n#uc_dropdown_button_elementor_ddc14c6 .ca_btn .ca_dropdown a {\n  transition:300ms;\n  display: flex;\n  align-content: center;\n  align-items: center;\n  border-bottom-style: solid;\n  white-space: pre-line;\n}\n#uc_dropdown_button_elementor_ddc14c6 .ca_dropdown i{\n  transition:300ms;\n}\n\n<\/style>\n\n<div id=\"uc_dropdown_button_elementor_ddc14c6\" class=\"ca_btn_wrapper \" >\n  <div class=\"ca_btn_container\">\n    <button class=\"ca_btn\"><i class='fas fa-angle-down'><\/i><span>DESCARGAR DOCUMENTOS<\/span>\n      <ul class=\"ca_dropdown uc-items-wrapper \">\n           <li class=\"ca_dropdown_item elementor-repeater-item-bdced1c \"><a href=\"https:\/\/ensst.edu.co\/ens\/wp-content\/uploads\/2023\/09\/ACTA-RENDICION-DE-CUENTAS-08-DE-AGOSTO-2023.docx\"  target='_blank'><i class='far fa-file-word'><\/i>ACTA RENDICION DE CUENTAS, 08 DE AGOSTO 2023<\/a><\/li>\n\n  <li class=\"ca_dropdown_item elementor-repeater-item-4635fac \"><a href=\"https:\/\/ensst.edu.co\/ens\/wp-content\/uploads\/2023\/09\/REN.-CUENTAS-GESTION-DIRECTIVA.pdf\"  target='_blank'><i class='far fa-file-pdf'><\/i>REN. CUENTAS - GESTION DIRECTIVA<\/a><\/li>\n\n  <li class=\"ca_dropdown_item elementor-repeater-item-c2d4bc8 \"><a href=\"https:\/\/ensst.edu.co\/ens\/wp-content\/uploads\/2023\/09\/REN.-CUENTAS-INF.-ENFERMERIA.pdf\"  target='_blank'><i class='far fa-file-pdf'><\/i>REN. CUENTAS - INF. ENFERMERIA<\/a><\/li>\n\n  <li class=\"ca_dropdown_item elementor-repeater-item-64f00c3 \"><a href=\"https:\/\/ensst.edu.co\/ens\/wp-content\/uploads\/2023\/09\/REN.-CUENTAS-GESTION-ACADEMICA-I-SEM-2023.pdf\"  target='_blank'><i class='far fa-file-pdf'><\/i>REN. CUENTAS - GESTION ACADEMICA-I-SEM-2023<\/a><\/li>\n\n  <li class=\"ca_dropdown_item elementor-repeater-item-9014bea \"><a href=\"https:\/\/ensst.edu.co\/ens\/wp-content\/uploads\/2023\/09\/REN.CUENTAS-GESTION-COMUNIDAD.pdf\"  target='_blank'><i class='far fa-file-pdf'><\/i>REN.CUENTAS - GESTION COMUNIDAD<\/a><\/li>\n\n  <li class=\"ca_dropdown_item elementor-repeater-item-314d5a0 \"><a href=\"https:\/\/ensst.edu.co\/ens\/wp-content\/uploads\/2023\/09\/REN.-CUENTAS-ZOE-AGOSTO.pdf\"  target='_blank'><i class='far fa-file-pdf'><\/i>REN. CUENTAS ZOE AGOSTO<\/a><\/li>\n\n  <li class=\"ca_dropdown_item elementor-repeater-item-82e0916 \"><a href=\"https:\/\/ensst.edu.co\/ens\/wp-content\/uploads\/2023\/09\/REN.-CUENTAS-GESTION-ADVA-Y-FINANCIERA.pdf\"  target='_blank'><i class='far fa-file-pdf'><\/i>REN. CUENTAS - GESTION ADVA Y FINANCIERA<\/a><\/li>\n\n\n      <\/ul>\n    <\/button>\n  <\/div>\n<\/div>\n<!-- end Dropdown Button -->\t\t\t\t<\/div>\n\t\t\t\t<\/div>\n\t\t\t\t<div class=\"elementor-element elementor-element-ed8c01e elementor-widget elementor-widget-spacer\" data-id=\"ed8c01e\" data-element_type=\"widget\" data-e-type=\"widget\" data-widget_type=\"spacer.default\">\n\t\t\t\t<div class=\"elementor-widget-container\">\n\t\t\t\t\t\t\t<div class=\"elementor-spacer\">\n\t\t\t<div class=\"elementor-spacer-inner\"><\/div>\n\t\t<\/div>\n\t\t\t\t\t\t<\/div>\n\t\t\t\t<\/div>\n\t\t\t\t\t<\/div>\n\t\t<\/div>\n\t\t\t\t\t<\/div>\n\t\t<\/section>\n\t\t\t\t<\/div>\n\t\t","protected":false},"excerpt":{"rendered":"<p>Una vez reunidos los padres de familia y comunidad educativa en general, el se\u00f1or rector<\/p>\n","protected":false},"author":1,"featured_media":6139,"comment_status":"closed","ping_status":"open","sticky":false,"template":"","format":"standard","meta":{"footnotes":""},"categories":[19],"tags":[],"class_list":["post-6135","post","type-post","status-publish","format-standard","has-post-thumbnail","hentry","category-eventos","entry","has-media"],"yoast_head":"<!-- This site is optimized with the Yoast SEO Premium plugin v26.9 (Yoast SEO v27.4) - https:\/\/yoast.com\/product\/yoast-seo-premium-wordpress\/ -->\n<title>RENDICI\u00d3N DE CUENTAS P\u00daBLICAS PRIMER SEMESTRE DEL A\u00d1O 2023 - ESCUELA NORMAL SUPERIOR SANTIAGO DE TUNJA<\/title>\n<meta name=\"description\" content=\"Una vez reunidos los padres de familia y comunidad educativa en general, el se\u00f1or rector dio la bienvenida a los asistentes, resaltando la...\" \/>\n<meta name=\"robots\" content=\"index, follow, max-snippet:-1, max-image-preview:large, max-video-preview:-1\" \/>\n<link rel=\"canonical\" href=\"https:\/\/ensst.edu.co\/ens\/2023\/09\/30\/rendicion-de-cuentas-publicas-primer-semestre-del-ano-2023\/\" \/>\n<meta property=\"og:locale\" content=\"es_ES\" \/>\n<meta property=\"og:type\" content=\"article\" \/>\n<meta property=\"og:title\" content=\"RENDICI\u00d3N DE CUENTAS P\u00daBLICAS PRIMER SEMESTRE DEL A\u00d1O 2023\" \/>\n<meta property=\"og:description\" content=\"Una vez reunidos los padres de familia y comunidad educativa en general, el se\u00f1or rector dio la bienvenida a los asistentes, resaltando la...\" \/>\n<meta property=\"og:url\" content=\"https:\/\/ensst.edu.co\/ens\/2023\/09\/30\/rendicion-de-cuentas-publicas-primer-semestre-del-ano-2023\/\" \/>\n<meta property=\"og:site_name\" content=\"ESCUELA NORMAL SUPERIOR SANTIAGO DE TUNJA\" \/>\n<meta property=\"article:published_time\" content=\"2023-09-30T20:18:07+00:00\" \/>\n<meta property=\"article:modified_time\" content=\"2023-09-30T21:42:15+00:00\" \/>\n<meta property=\"og:image\" content=\"https:\/\/ensst.edu.co\/ens\/wp-content\/uploads\/2023\/09\/ENSST-1.jpg\" \/>\n\t<meta property=\"og:image:width\" content=\"538\" \/>\n\t<meta property=\"og:image:height\" content=\"306\" \/>\n\t<meta property=\"og:image:type\" content=\"image\/jpeg\" \/>\n<meta name=\"author\" content=\"ensstedu\" \/>\n<meta name=\"twitter:card\" content=\"summary_large_image\" \/>\n<meta name=\"twitter:label1\" content=\"Escrito por\" \/>\n\t<meta name=\"twitter:data1\" content=\"ensstedu\" \/>\n\t<meta name=\"twitter:label2\" content=\"Tiempo de lectura\" \/>\n\t<meta name=\"twitter:data2\" content=\"1 minuto\" \/>\n<script type=\"application\/ld+json\" class=\"yoast-schema-graph\">{\"@context\":\"https:\\\/\\\/schema.org\",\"@graph\":[{\"@type\":\"Article\",\"@id\":\"https:\\\/\\\/ensst.edu.co\\\/ens\\\/2023\\\/09\\\/30\\\/rendicion-de-cuentas-publicas-primer-semestre-del-ano-2023\\\/#article\",\"isPartOf\":{\"@id\":\"https:\\\/\\\/ensst.edu.co\\\/ens\\\/2023\\\/09\\\/30\\\/rendicion-de-cuentas-publicas-primer-semestre-del-ano-2023\\\/\"},\"author\":{\"name\":\"ensstedu\",\"@id\":\"https:\\\/\\\/ensst.edu.co\\\/ens\\\/#\\\/schema\\\/person\\\/8d2641fc7ac8d6c94185f26ebd409116\"},\"headline\":\"RENDICI\u00d3N DE CUENTAS P\u00daBLICAS PRIMER SEMESTRE DEL A\u00d1O 2023\",\"datePublished\":\"2023-09-30T20:18:07+00:00\",\"dateModified\":\"2023-09-30T21:42:15+00:00\",\"mainEntityOfPage\":{\"@id\":\"https:\\\/\\\/ensst.edu.co\\\/ens\\\/2023\\\/09\\\/30\\\/rendicion-de-cuentas-publicas-primer-semestre-del-ano-2023\\\/\"},\"wordCount\":110,\"publisher\":{\"@id\":\"https:\\\/\\\/ensst.edu.co\\\/ens\\\/#organization\"},\"image\":{\"@id\":\"https:\\\/\\\/ensst.edu.co\\\/ens\\\/2023\\\/09\\\/30\\\/rendicion-de-cuentas-publicas-primer-semestre-del-ano-2023\\\/#primaryimage\"},\"thumbnailUrl\":\"https:\\\/\\\/ensst.edu.co\\\/ens\\\/wp-content\\\/uploads\\\/2023\\\/09\\\/ENSST-1.jpg\",\"articleSection\":[\"EVENTOS\"],\"inLanguage\":\"es\"},{\"@type\":\"WebPage\",\"@id\":\"https:\\\/\\\/ensst.edu.co\\\/ens\\\/2023\\\/09\\\/30\\\/rendicion-de-cuentas-publicas-primer-semestre-del-ano-2023\\\/\",\"url\":\"https:\\\/\\\/ensst.edu.co\\\/ens\\\/2023\\\/09\\\/30\\\/rendicion-de-cuentas-publicas-primer-semestre-del-ano-2023\\\/\",\"name\":\"RENDICI\u00d3N DE CUENTAS P\u00daBLICAS PRIMER SEMESTRE DEL A\u00d1O 2023 - ESCUELA NORMAL SUPERIOR SANTIAGO DE TUNJA\",\"isPartOf\":{\"@id\":\"https:\\\/\\\/ensst.edu.co\\\/ens\\\/#website\"},\"primaryImageOfPage\":{\"@id\":\"https:\\\/\\\/ensst.edu.co\\\/ens\\\/2023\\\/09\\\/30\\\/rendicion-de-cuentas-publicas-primer-semestre-del-ano-2023\\\/#primaryimage\"},\"image\":{\"@id\":\"https:\\\/\\\/ensst.edu.co\\\/ens\\\/2023\\\/09\\\/30\\\/rendicion-de-cuentas-publicas-primer-semestre-del-ano-2023\\\/#primaryimage\"},\"thumbnailUrl\":\"https:\\\/\\\/ensst.edu.co\\\/ens\\\/wp-content\\\/uploads\\\/2023\\\/09\\\/ENSST-1.jpg\",\"datePublished\":\"2023-09-30T20:18:07+00:00\",\"dateModified\":\"2023-09-30T21:42:15+00:00\",\"description\":\"Una vez reunidos los padres de familia y comunidad educativa en general, el se\u00f1or rector dio la bienvenida a los asistentes, resaltando la...\",\"breadcrumb\":{\"@id\":\"https:\\\/\\\/ensst.edu.co\\\/ens\\\/2023\\\/09\\\/30\\\/rendicion-de-cuentas-publicas-primer-semestre-del-ano-2023\\\/#breadcrumb\"},\"inLanguage\":\"es\",\"potentialAction\":[{\"@type\":\"ReadAction\",\"target\":[\"https:\\\/\\\/ensst.edu.co\\\/ens\\\/2023\\\/09\\\/30\\\/rendicion-de-cuentas-publicas-primer-semestre-del-ano-2023\\\/\"]}]},{\"@type\":\"ImageObject\",\"inLanguage\":\"es\",\"@id\":\"https:\\\/\\\/ensst.edu.co\\\/ens\\\/2023\\\/09\\\/30\\\/rendicion-de-cuentas-publicas-primer-semestre-del-ano-2023\\\/#primaryimage\",\"url\":\"https:\\\/\\\/ensst.edu.co\\\/ens\\\/wp-content\\\/uploads\\\/2023\\\/09\\\/ENSST-1.jpg\",\"contentUrl\":\"https:\\\/\\\/ensst.edu.co\\\/ens\\\/wp-content\\\/uploads\\\/2023\\\/09\\\/ENSST-1.jpg\",\"width\":538,\"height\":306},{\"@type\":\"BreadcrumbList\",\"@id\":\"https:\\\/\\\/ensst.edu.co\\\/ens\\\/2023\\\/09\\\/30\\\/rendicion-de-cuentas-publicas-primer-semestre-del-ano-2023\\\/#breadcrumb\",\"itemListElement\":[{\"@type\":\"ListItem\",\"position\":1,\"name\":\"Portada\",\"item\":\"https:\\\/\\\/ensst.edu.co\\\/ens\\\/\"},{\"@type\":\"ListItem\",\"position\":2,\"name\":\"RENDICI\u00d3N DE CUENTAS P\u00daBLICAS PRIMER SEMESTRE DEL A\u00d1O 2023\"}]},{\"@type\":\"WebSite\",\"@id\":\"https:\\\/\\\/ensst.edu.co\\\/ens\\\/#website\",\"url\":\"https:\\\/\\\/ensst.edu.co\\\/ens\\\/\",\"name\":\"ESCUELA NORMAL SUPERIOR SANTIAGO DE TUNJA\",\"description\":\"TUNJA - BOYAC\u00c1\",\"publisher\":{\"@id\":\"https:\\\/\\\/ensst.edu.co\\\/ens\\\/#organization\"},\"potentialAction\":[{\"@type\":\"SearchAction\",\"target\":{\"@type\":\"EntryPoint\",\"urlTemplate\":\"https:\\\/\\\/ensst.edu.co\\\/ens\\\/?s={search_term_string}\"},\"query-input\":{\"@type\":\"PropertyValueSpecification\",\"valueRequired\":true,\"valueName\":\"search_term_string\"}}],\"inLanguage\":\"es\"},{\"@type\":\"Organization\",\"@id\":\"https:\\\/\\\/ensst.edu.co\\\/ens\\\/#organization\",\"name\":\"ESCUELA NORMAL SUPERIOR SANTIAGO DE TUNJA\",\"url\":\"https:\\\/\\\/ensst.edu.co\\\/ens\\\/\",\"logo\":{\"@type\":\"ImageObject\",\"inLanguage\":\"es\",\"@id\":\"https:\\\/\\\/ensst.edu.co\\\/ens\\\/#\\\/schema\\\/logo\\\/image\\\/\",\"url\":\"https:\\\/\\\/ensst.edu.co\\\/ens\\\/wp-content\\\/uploads\\\/2020\\\/05\\\/cropped-Escudo-1.png\",\"contentUrl\":\"https:\\\/\\\/ensst.edu.co\\\/ens\\\/wp-content\\\/uploads\\\/2020\\\/05\\\/cropped-Escudo-1.png\",\"width\":512,\"height\":512,\"caption\":\"ESCUELA NORMAL SUPERIOR SANTIAGO DE TUNJA\"},\"image\":{\"@id\":\"https:\\\/\\\/ensst.edu.co\\\/ens\\\/#\\\/schema\\\/logo\\\/image\\\/\"}},{\"@type\":\"Person\",\"@id\":\"https:\\\/\\\/ensst.edu.co\\\/ens\\\/#\\\/schema\\\/person\\\/8d2641fc7ac8d6c94185f26ebd409116\",\"name\":\"ensstedu\",\"image\":{\"@type\":\"ImageObject\",\"inLanguage\":\"es\",\"@id\":\"https:\\\/\\\/secure.gravatar.com\\\/avatar\\\/e749275d06ff58ffd0d716ba1502b0092da49d07e52fc6801cf7d095f41ca27e?s=96&d=mm&r=g\",\"url\":\"https:\\\/\\\/secure.gravatar.com\\\/avatar\\\/e749275d06ff58ffd0d716ba1502b0092da49d07e52fc6801cf7d095f41ca27e?s=96&d=mm&r=g\",\"contentUrl\":\"https:\\\/\\\/secure.gravatar.com\\\/avatar\\\/e749275d06ff58ffd0d716ba1502b0092da49d07e52fc6801cf7d095f41ca27e?s=96&d=mm&r=g\",\"caption\":\"ensstedu\"},\"sameAs\":[\"https:\\\/\\\/ensst.edu.co\\\/ens\"],\"url\":\"https:\\\/\\\/ensst.edu.co\\\/ens\\\/author\\\/ensstedu\\\/\"}]}<\/script>\n<!-- \/ Yoast SEO Premium plugin. -->","yoast_head_json":{"title":"RENDICI\u00d3N DE CUENTAS P\u00daBLICAS PRIMER SEMESTRE DEL A\u00d1O 2023 - ESCUELA NORMAL SUPERIOR SANTIAGO DE TUNJA","description":"Una vez reunidos los padres de familia y comunidad educativa en general, el se\u00f1or rector dio la bienvenida a los asistentes, resaltando la...","robots":{"index":"index","follow":"follow","max-snippet":"max-snippet:-1","max-image-preview":"max-image-preview:large","max-video-preview":"max-video-preview:-1"},"canonical":"https:\/\/ensst.edu.co\/ens\/2023\/09\/30\/rendicion-de-cuentas-publicas-primer-semestre-del-ano-2023\/","og_locale":"es_ES","og_type":"article","og_title":"RENDICI\u00d3N DE CUENTAS P\u00daBLICAS PRIMER SEMESTRE DEL A\u00d1O 2023","og_description":"Una vez reunidos los padres de familia y comunidad educativa en general, el se\u00f1or rector dio la bienvenida a los asistentes, resaltando la...","og_url":"https:\/\/ensst.edu.co\/ens\/2023\/09\/30\/rendicion-de-cuentas-publicas-primer-semestre-del-ano-2023\/","og_site_name":"ESCUELA NORMAL SUPERIOR SANTIAGO DE TUNJA","article_published_time":"2023-09-30T20:18:07+00:00","article_modified_time":"2023-09-30T21:42:15+00:00","og_image":[{"width":538,"height":306,"url":"https:\/\/ensst.edu.co\/ens\/wp-content\/uploads\/2023\/09\/ENSST-1.jpg","type":"image\/jpeg"}],"author":"ensstedu","twitter_card":"summary_large_image","twitter_misc":{"Escrito por":"ensstedu","Tiempo de lectura":"1 minuto"},"schema":{"@context":"https:\/\/schema.org","@graph":[{"@type":"Article","@id":"https:\/\/ensst.edu.co\/ens\/2023\/09\/30\/rendicion-de-cuentas-publicas-primer-semestre-del-ano-2023\/#article","isPartOf":{"@id":"https:\/\/ensst.edu.co\/ens\/2023\/09\/30\/rendicion-de-cuentas-publicas-primer-semestre-del-ano-2023\/"},"author":{"name":"ensstedu","@id":"https:\/\/ensst.edu.co\/ens\/#\/schema\/person\/8d2641fc7ac8d6c94185f26ebd409116"},"headline":"RENDICI\u00d3N DE CUENTAS P\u00daBLICAS PRIMER SEMESTRE DEL A\u00d1O 2023","datePublished":"2023-09-30T20:18:07+00:00","dateModified":"2023-09-30T21:42:15+00:00","mainEntityOfPage":{"@id":"https:\/\/ensst.edu.co\/ens\/2023\/09\/30\/rendicion-de-cuentas-publicas-primer-semestre-del-ano-2023\/"},"wordCount":110,"publisher":{"@id":"https:\/\/ensst.edu.co\/ens\/#organization"},"image":{"@id":"https:\/\/ensst.edu.co\/ens\/2023\/09\/30\/rendicion-de-cuentas-publicas-primer-semestre-del-ano-2023\/#primaryimage"},"thumbnailUrl":"https:\/\/ensst.edu.co\/ens\/wp-content\/uploads\/2023\/09\/ENSST-1.jpg","articleSection":["EVENTOS"],"inLanguage":"es"},{"@type":"WebPage","@id":"https:\/\/ensst.edu.co\/ens\/2023\/09\/30\/rendicion-de-cuentas-publicas-primer-semestre-del-ano-2023\/","url":"https:\/\/ensst.edu.co\/ens\/2023\/09\/30\/rendicion-de-cuentas-publicas-primer-semestre-del-ano-2023\/","name":"RENDICI\u00d3N DE CUENTAS P\u00daBLICAS PRIMER SEMESTRE DEL A\u00d1O 2023 - ESCUELA NORMAL SUPERIOR SANTIAGO DE TUNJA","isPartOf":{"@id":"https:\/\/ensst.edu.co\/ens\/#website"},"primaryImageOfPage":{"@id":"https:\/\/ensst.edu.co\/ens\/2023\/09\/30\/rendicion-de-cuentas-publicas-primer-semestre-del-ano-2023\/#primaryimage"},"image":{"@id":"https:\/\/ensst.edu.co\/ens\/2023\/09\/30\/rendicion-de-cuentas-publicas-primer-semestre-del-ano-2023\/#primaryimage"},"thumbnailUrl":"https:\/\/ensst.edu.co\/ens\/wp-content\/uploads\/2023\/09\/ENSST-1.jpg","datePublished":"2023-09-30T20:18:07+00:00","dateModified":"2023-09-30T21:42:15+00:00","description":"Una vez reunidos los padres de familia y comunidad educativa en general, el se\u00f1or rector dio la bienvenida a los asistentes, resaltando la...","breadcrumb":{"@id":"https:\/\/ensst.edu.co\/ens\/2023\/09\/30\/rendicion-de-cuentas-publicas-primer-semestre-del-ano-2023\/#breadcrumb"},"inLanguage":"es","potentialAction":[{"@type":"ReadAction","target":["https:\/\/ensst.edu.co\/ens\/2023\/09\/30\/rendicion-de-cuentas-publicas-primer-semestre-del-ano-2023\/"]}]},{"@type":"ImageObject","inLanguage":"es","@id":"https:\/\/ensst.edu.co\/ens\/2023\/09\/30\/rendicion-de-cuentas-publicas-primer-semestre-del-ano-2023\/#primaryimage","url":"https:\/\/ensst.edu.co\/ens\/wp-content\/uploads\/2023\/09\/ENSST-1.jpg","contentUrl":"https:\/\/ensst.edu.co\/ens\/wp-content\/uploads\/2023\/09\/ENSST-1.jpg","width":538,"height":306},{"@type":"BreadcrumbList","@id":"https:\/\/ensst.edu.co\/ens\/2023\/09\/30\/rendicion-de-cuentas-publicas-primer-semestre-del-ano-2023\/#breadcrumb","itemListElement":[{"@type":"ListItem","position":1,"name":"Portada","item":"https:\/\/ensst.edu.co\/ens\/"},{"@type":"ListItem","position":2,"name":"RENDICI\u00d3N DE CUENTAS P\u00daBLICAS PRIMER SEMESTRE DEL A\u00d1O 2023"}]},{"@type":"WebSite","@id":"https:\/\/ensst.edu.co\/ens\/#website","url":"https:\/\/ensst.edu.co\/ens\/","name":"ESCUELA NORMAL SUPERIOR SANTIAGO DE TUNJA","description":"TUNJA - BOYAC\u00c1","publisher":{"@id":"https:\/\/ensst.edu.co\/ens\/#organization"},"potentialAction":[{"@type":"SearchAction","target":{"@type":"EntryPoint","urlTemplate":"https:\/\/ensst.edu.co\/ens\/?s={search_term_string}"},"query-input":{"@type":"PropertyValueSpecification","valueRequired":true,"valueName":"search_term_string"}}],"inLanguage":"es"},{"@type":"Organization","@id":"https:\/\/ensst.edu.co\/ens\/#organization","name":"ESCUELA NORMAL SUPERIOR SANTIAGO DE TUNJA","url":"https:\/\/ensst.edu.co\/ens\/","logo":{"@type":"ImageObject","inLanguage":"es","@id":"https:\/\/ensst.edu.co\/ens\/#\/schema\/logo\/image\/","url":"https:\/\/ensst.edu.co\/ens\/wp-content\/uploads\/2020\/05\/cropped-Escudo-1.png","contentUrl":"https:\/\/ensst.edu.co\/ens\/wp-content\/uploads\/2020\/05\/cropped-Escudo-1.png","width":512,"height":512,"caption":"ESCUELA NORMAL SUPERIOR SANTIAGO DE TUNJA"},"image":{"@id":"https:\/\/ensst.edu.co\/ens\/#\/schema\/logo\/image\/"}},{"@type":"Person","@id":"https:\/\/ensst.edu.co\/ens\/#\/schema\/person\/8d2641fc7ac8d6c94185f26ebd409116","name":"ensstedu","image":{"@type":"ImageObject","inLanguage":"es","@id":"https:\/\/secure.gravatar.com\/avatar\/e749275d06ff58ffd0d716ba1502b0092da49d07e52fc6801cf7d095f41ca27e?s=96&d=mm&r=g","url":"https:\/\/secure.gravatar.com\/avatar\/e749275d06ff58ffd0d716ba1502b0092da49d07e52fc6801cf7d095f41ca27e?s=96&d=mm&r=g","contentUrl":"https:\/\/secure.gravatar.com\/avatar\/e749275d06ff58ffd0d716ba1502b0092da49d07e52fc6801cf7d095f41ca27e?s=96&d=mm&r=g","caption":"ensstedu"},"sameAs":["https:\/\/ensst.edu.co\/ens"],"url":"https:\/\/ensst.edu.co\/ens\/author\/ensstedu\/"}]}},"_links":{"self":[{"href":"https:\/\/ensst.edu.co\/ens\/wp-json\/wp\/v2\/posts\/6135","targetHints":{"allow":["GET"]}}],"collection":[{"href":"https:\/\/ensst.edu.co\/ens\/wp-json\/wp\/v2\/posts"}],"about":[{"href":"https:\/\/ensst.edu.co\/ens\/wp-json\/wp\/v2\/types\/post"}],"author":[{"embeddable":true,"href":"https:\/\/ensst.edu.co\/ens\/wp-json\/wp\/v2\/users\/1"}],"replies":[{"embeddable":true,"href":"https:\/\/ensst.edu.co\/ens\/wp-json\/wp\/v2\/comments?post=6135"}],"version-history":[{"count":40,"href":"https:\/\/ensst.edu.co\/ens\/wp-json\/wp\/v2\/posts\/6135\/revisions"}],"predecessor-version":[{"id":6189,"href":"https:\/\/ensst.edu.co\/ens\/wp-json\/wp\/v2\/posts\/6135\/revisions\/6189"}],"wp:featuredmedia":[{"embeddable":true,"href":"https:\/\/ensst.edu.co\/ens\/wp-json\/wp\/v2\/media\/6139"}],"wp:attachment":[{"href":"https:\/\/ensst.edu.co\/ens\/wp-json\/wp\/v2\/media?parent=6135"}],"wp:term":[{"taxonomy":"category","embeddable":true,"href":"https:\/\/ensst.edu.co\/ens\/wp-json\/wp\/v2\/categories?post=6135"},{"taxonomy":"post_tag","embeddable":true,"href":"https:\/\/ensst.edu.co\/ens\/wp-json\/wp\/v2\/tags?post=6135"}],"curies":[{"name":"wp","href":"https:\/\/api.w.org\/{rel}","templated":true}]}}