{"id":3176,"date":"2021-04-19T15:53:59","date_gmt":"2021-04-19T20:53:59","guid":{"rendered":"https:\/\/ensst.edu.co\/ens\/?p=3176"},"modified":"2023-07-26T16:19:55","modified_gmt":"2023-07-26T21:19:55","slug":"celebracion-dia-del-idioma","status":"publish","type":"post","link":"https:\/\/ensst.edu.co\/ens\/2021\/04\/19\/celebracion-dia-del-idioma\/","title":{"rendered":"CELEBRACI\u00d3N D\u00cdA DEL IDIOMA"},"content":{"rendered":"\t\t<div data-elementor-type=\"wp-post\" data-elementor-id=\"3176\" class=\"elementor elementor-3176\" data-elementor-post-type=\"post\">\n\t\t\t\t\t\t<section class=\"elementor-section elementor-top-section elementor-element elementor-element-c72fc11 elementor-section-boxed elementor-section-height-default elementor-section-height-default\" data-id=\"c72fc11\" data-element_type=\"section\" data-e-type=\"section\">\n\t\t\t\t\t\t<div class=\"elementor-container elementor-column-gap-default\">\n\t\t\t\t\t<div class=\"elementor-column elementor-col-100 elementor-top-column elementor-element elementor-element-64dd206\" data-id=\"64dd206\" data-element_type=\"column\" data-e-type=\"column\">\n\t\t\t<div class=\"elementor-widget-wrap elementor-element-populated\">\n\t\t\t\t\t\t<div class=\"elementor-element elementor-element-8413aee elementor-widget elementor-widget-image\" data-id=\"8413aee\" data-element_type=\"widget\" data-e-type=\"widget\" data-widget_type=\"image.default\">\n\t\t\t\t<div class=\"elementor-widget-container\">\n\t\t\t\t\t\t\t\t\t\t\t\t\t\t\t<img fetchpriority=\"high\" decoding=\"async\" width=\"853\" height=\"1280\" src=\"https:\/\/ensst.edu.co\/ens\/wp-content\/uploads\/2021\/04\/Logo-Dia-idioma.jpg\" class=\"attachment-full size-full wp-image-3177\" alt=\"\" srcset=\"https:\/\/ensst.edu.co\/ens\/wp-content\/uploads\/2021\/04\/Logo-Dia-idioma.jpg 853w, https:\/\/ensst.edu.co\/ens\/wp-content\/uploads\/2021\/04\/Logo-Dia-idioma-200x300.jpg 200w, https:\/\/ensst.edu.co\/ens\/wp-content\/uploads\/2021\/04\/Logo-Dia-idioma-682x1024.jpg 682w, https:\/\/ensst.edu.co\/ens\/wp-content\/uploads\/2021\/04\/Logo-Dia-idioma-768x1152.jpg 768w\" sizes=\"(max-width: 853px) 100vw, 853px\" \/>\t\t\t\t\t\t\t\t\t\t\t\t\t\t\t<\/div>\n\t\t\t\t<\/div>\n\t\t\t\t\t<\/div>\n\t\t<\/div>\n\t\t\t\t\t<\/div>\n\t\t<\/section>\n\t\t\t\t<section class=\"elementor-section elementor-top-section elementor-element elementor-element-688c397 elementor-section-boxed elementor-section-height-default elementor-section-height-default\" data-id=\"688c397\" data-element_type=\"section\" data-e-type=\"section\">\n\t\t\t\t\t\t<div class=\"elementor-container elementor-column-gap-default\">\n\t\t\t\t\t<div class=\"elementor-column elementor-col-100 elementor-top-column elementor-element elementor-element-b061876\" data-id=\"b061876\" data-element_type=\"column\" data-e-type=\"column\" data-settings=\"{&quot;background_background&quot;:&quot;classic&quot;}\">\n\t\t\t<div class=\"elementor-widget-wrap elementor-element-populated\">\n\t\t\t\t\t\t<div class=\"elementor-element elementor-element-04852db elementor-widget elementor-widget-heading\" data-id=\"04852db\" data-element_type=\"widget\" data-e-type=\"widget\" data-widget_type=\"heading.default\">\n\t\t\t\t<div class=\"elementor-widget-container\">\n\t\t\t\t\t<h2 class=\"elementor-heading-title elementor-size-default\">D\u00cdA DEL IDIOMA<\/h2>\t\t\t\t<\/div>\n\t\t\t\t<\/div>\n\t\t\t\t<div class=\"elementor-element elementor-element-16bf074 elementor-widget elementor-widget-text-editor\" data-id=\"16bf074\" data-element_type=\"widget\" data-e-type=\"widget\" data-widget_type=\"text-editor.default\">\n\t\t\t\t<div class=\"elementor-widget-container\">\n\t\t\t\t\t\t\t\t\t<p><strong>Escuela Normal Superior Santiago de Tunja.\u00a0 \u00a0<\/strong>\u00a0 \u00a0 \u00a0 \u00a0 \u00a0 \u00a0 \u00a0 \u00a0 \u00a0 \u00a0 \u00a0 \u00a0 \u00a0 \u00a0 \u00a0 \u00a0 \u00a0 \u00a0 \u00a0\u00a0<\/p><p>Estimada comunidad normalista: con motivo de la celebraci\u00f3n del d\u00eda del Idioma, los invitamos a ser part\u00edcipes de las diferentes actividades que se llevar\u00e1n a cabo desde el 19 al 23 de abril, a trav\u00e9s de la p\u00e1gina https:\/\/www.facebook.com\/escuelanormalsuperiorsantiagodetunja. \u00a1Vamos a celebrar la palabra, el libro y la lectura!\u00a0<\/p><p>\u00a0<\/p><p>Organizan: Docentes de Lengua Castellana &#8211; Jornada Ma\u00f1ana.\u00a0<span style=\"font-size: 16px;\">\u00a0<\/span><\/p>\t\t\t\t\t\t\t\t<\/div>\n\t\t\t\t<\/div>\n\t\t\t\t\t<\/div>\n\t\t<\/div>\n\t\t\t\t\t<\/div>\n\t\t<\/section>\n\t\t\t\t<\/div>\n\t\t","protected":false},"excerpt":{"rendered":"<p>Estimada comunidad normalista: con motivo de la celebraci\u00f3n del d\u00eda del Idioma, los invitamos a ser part\u00edcipes de las diferentes actividades que se llevar\u00e1n a cabo desde el 19 al 23 de abril, &#8230;.<\/p>\n","protected":false},"author":1,"featured_media":3177,"comment_status":"closed","ping_status":"open","sticky":false,"template":"","format":"standard","meta":{"footnotes":""},"categories":[19],"tags":[],"class_list":["post-3176","post","type-post","status-publish","format-standard","has-post-thumbnail","hentry","category-eventos","entry","has-media"],"yoast_head":"<!-- This site is optimized with the Yoast SEO Premium plugin v26.9 (Yoast SEO v27.4) - https:\/\/yoast.com\/product\/yoast-seo-premium-wordpress\/ -->\n<title>CELEBRACI\u00d3N D\u00cdA DEL IDIOMA - ESCUELA NORMAL SUPERIOR SANTIAGO DE TUNJA<\/title>\n<meta name=\"robots\" content=\"index, follow, max-snippet:-1, max-image-preview:large, max-video-preview:-1\" \/>\n<link rel=\"canonical\" href=\"https:\/\/ensst.edu.co\/ens\/2021\/04\/19\/celebracion-dia-del-idioma\/\" \/>\n<meta property=\"og:locale\" content=\"es_ES\" \/>\n<meta property=\"og:type\" content=\"article\" \/>\n<meta property=\"og:title\" content=\"CELEBRACI\u00d3N D\u00cdA DEL IDIOMA\" \/>\n<meta property=\"og:description\" content=\"Estimada comunidad normalista: con motivo de la celebraci\u00f3n del d\u00eda del Idioma, los invitamos a ser part\u00edcipes de las diferentes actividades que se llevar\u00e1n a cabo desde el 19 al 23 de abril, ....\" \/>\n<meta property=\"og:url\" content=\"https:\/\/ensst.edu.co\/ens\/2021\/04\/19\/celebracion-dia-del-idioma\/\" \/>\n<meta property=\"og:site_name\" content=\"ESCUELA NORMAL SUPERIOR SANTIAGO DE TUNJA\" \/>\n<meta property=\"article:published_time\" content=\"2021-04-19T20:53:59+00:00\" \/>\n<meta property=\"article:modified_time\" content=\"2023-07-26T21:19:55+00:00\" \/>\n<meta property=\"og:image\" content=\"https:\/\/ensst.edu.co\/ens\/wp-content\/uploads\/2021\/04\/Logo-Dia-idioma.jpg\" \/>\n\t<meta property=\"og:image:width\" content=\"853\" \/>\n\t<meta property=\"og:image:height\" content=\"1280\" \/>\n\t<meta property=\"og:image:type\" content=\"image\/jpeg\" \/>\n<meta name=\"author\" content=\"ensstedu\" \/>\n<meta name=\"twitter:card\" content=\"summary_large_image\" \/>\n<meta name=\"twitter:label1\" content=\"Escrito por\" \/>\n\t<meta name=\"twitter:data1\" content=\"ensstedu\" \/>\n\t<meta name=\"twitter:label2\" content=\"Tiempo de lectura\" \/>\n\t<meta name=\"twitter:data2\" content=\"1 minuto\" \/>\n<script type=\"application\/ld+json\" class=\"yoast-schema-graph\">{\"@context\":\"https:\\\/\\\/schema.org\",\"@graph\":[{\"@type\":\"Article\",\"@id\":\"https:\\\/\\\/ensst.edu.co\\\/ens\\\/2021\\\/04\\\/19\\\/celebracion-dia-del-idioma\\\/#article\",\"isPartOf\":{\"@id\":\"https:\\\/\\\/ensst.edu.co\\\/ens\\\/2021\\\/04\\\/19\\\/celebracion-dia-del-idioma\\\/\"},\"author\":{\"name\":\"ensstedu\",\"@id\":\"https:\\\/\\\/ensst.edu.co\\\/ens\\\/#\\\/schema\\\/person\\\/8d2641fc7ac8d6c94185f26ebd409116\"},\"headline\":\"CELEBRACI\u00d3N D\u00cdA DEL IDIOMA\",\"datePublished\":\"2021-04-19T20:53:59+00:00\",\"dateModified\":\"2023-07-26T21:19:55+00:00\",\"mainEntityOfPage\":{\"@id\":\"https:\\\/\\\/ensst.edu.co\\\/ens\\\/2021\\\/04\\\/19\\\/celebracion-dia-del-idioma\\\/\"},\"wordCount\":82,\"publisher\":{\"@id\":\"https:\\\/\\\/ensst.edu.co\\\/ens\\\/#organization\"},\"image\":{\"@id\":\"https:\\\/\\\/ensst.edu.co\\\/ens\\\/2021\\\/04\\\/19\\\/celebracion-dia-del-idioma\\\/#primaryimage\"},\"thumbnailUrl\":\"https:\\\/\\\/ensst.edu.co\\\/ens\\\/wp-content\\\/uploads\\\/2021\\\/04\\\/Logo-Dia-idioma.jpg\",\"articleSection\":[\"EVENTOS\"],\"inLanguage\":\"es\"},{\"@type\":\"WebPage\",\"@id\":\"https:\\\/\\\/ensst.edu.co\\\/ens\\\/2021\\\/04\\\/19\\\/celebracion-dia-del-idioma\\\/\",\"url\":\"https:\\\/\\\/ensst.edu.co\\\/ens\\\/2021\\\/04\\\/19\\\/celebracion-dia-del-idioma\\\/\",\"name\":\"CELEBRACI\u00d3N D\u00cdA DEL IDIOMA - ESCUELA NORMAL SUPERIOR SANTIAGO DE TUNJA\",\"isPartOf\":{\"@id\":\"https:\\\/\\\/ensst.edu.co\\\/ens\\\/#website\"},\"primaryImageOfPage\":{\"@id\":\"https:\\\/\\\/ensst.edu.co\\\/ens\\\/2021\\\/04\\\/19\\\/celebracion-dia-del-idioma\\\/#primaryimage\"},\"image\":{\"@id\":\"https:\\\/\\\/ensst.edu.co\\\/ens\\\/2021\\\/04\\\/19\\\/celebracion-dia-del-idioma\\\/#primaryimage\"},\"thumbnailUrl\":\"https:\\\/\\\/ensst.edu.co\\\/ens\\\/wp-content\\\/uploads\\\/2021\\\/04\\\/Logo-Dia-idioma.jpg\",\"datePublished\":\"2021-04-19T20:53:59+00:00\",\"dateModified\":\"2023-07-26T21:19:55+00:00\",\"breadcrumb\":{\"@id\":\"https:\\\/\\\/ensst.edu.co\\\/ens\\\/2021\\\/04\\\/19\\\/celebracion-dia-del-idioma\\\/#breadcrumb\"},\"inLanguage\":\"es\",\"potentialAction\":[{\"@type\":\"ReadAction\",\"target\":[\"https:\\\/\\\/ensst.edu.co\\\/ens\\\/2021\\\/04\\\/19\\\/celebracion-dia-del-idioma\\\/\"]}]},{\"@type\":\"ImageObject\",\"inLanguage\":\"es\",\"@id\":\"https:\\\/\\\/ensst.edu.co\\\/ens\\\/2021\\\/04\\\/19\\\/celebracion-dia-del-idioma\\\/#primaryimage\",\"url\":\"https:\\\/\\\/ensst.edu.co\\\/ens\\\/wp-content\\\/uploads\\\/2021\\\/04\\\/Logo-Dia-idioma.jpg\",\"contentUrl\":\"https:\\\/\\\/ensst.edu.co\\\/ens\\\/wp-content\\\/uploads\\\/2021\\\/04\\\/Logo-Dia-idioma.jpg\",\"width\":853,\"height\":1280},{\"@type\":\"BreadcrumbList\",\"@id\":\"https:\\\/\\\/ensst.edu.co\\\/ens\\\/2021\\\/04\\\/19\\\/celebracion-dia-del-idioma\\\/#breadcrumb\",\"itemListElement\":[{\"@type\":\"ListItem\",\"position\":1,\"name\":\"Portada\",\"item\":\"https:\\\/\\\/ensst.edu.co\\\/ens\\\/\"},{\"@type\":\"ListItem\",\"position\":2,\"name\":\"CELEBRACI\u00d3N D\u00cdA DEL IDIOMA\"}]},{\"@type\":\"WebSite\",\"@id\":\"https:\\\/\\\/ensst.edu.co\\\/ens\\\/#website\",\"url\":\"https:\\\/\\\/ensst.edu.co\\\/ens\\\/\",\"name\":\"ESCUELA NORMAL SUPERIOR SANTIAGO DE TUNJA\",\"description\":\"TUNJA - BOYAC\u00c1\",\"publisher\":{\"@id\":\"https:\\\/\\\/ensst.edu.co\\\/ens\\\/#organization\"},\"potentialAction\":[{\"@type\":\"SearchAction\",\"target\":{\"@type\":\"EntryPoint\",\"urlTemplate\":\"https:\\\/\\\/ensst.edu.co\\\/ens\\\/?s={search_term_string}\"},\"query-input\":{\"@type\":\"PropertyValueSpecification\",\"valueRequired\":true,\"valueName\":\"search_term_string\"}}],\"inLanguage\":\"es\"},{\"@type\":\"Organization\",\"@id\":\"https:\\\/\\\/ensst.edu.co\\\/ens\\\/#organization\",\"name\":\"ESCUELA NORMAL SUPERIOR SANTIAGO DE TUNJA\",\"url\":\"https:\\\/\\\/ensst.edu.co\\\/ens\\\/\",\"logo\":{\"@type\":\"ImageObject\",\"inLanguage\":\"es\",\"@id\":\"https:\\\/\\\/ensst.edu.co\\\/ens\\\/#\\\/schema\\\/logo\\\/image\\\/\",\"url\":\"https:\\\/\\\/ensst.edu.co\\\/ens\\\/wp-content\\\/uploads\\\/2020\\\/05\\\/cropped-Escudo-1.png\",\"contentUrl\":\"https:\\\/\\\/ensst.edu.co\\\/ens\\\/wp-content\\\/uploads\\\/2020\\\/05\\\/cropped-Escudo-1.png\",\"width\":512,\"height\":512,\"caption\":\"ESCUELA NORMAL SUPERIOR SANTIAGO DE TUNJA\"},\"image\":{\"@id\":\"https:\\\/\\\/ensst.edu.co\\\/ens\\\/#\\\/schema\\\/logo\\\/image\\\/\"}},{\"@type\":\"Person\",\"@id\":\"https:\\\/\\\/ensst.edu.co\\\/ens\\\/#\\\/schema\\\/person\\\/8d2641fc7ac8d6c94185f26ebd409116\",\"name\":\"ensstedu\",\"image\":{\"@type\":\"ImageObject\",\"inLanguage\":\"es\",\"@id\":\"https:\\\/\\\/secure.gravatar.com\\\/avatar\\\/e749275d06ff58ffd0d716ba1502b0092da49d07e52fc6801cf7d095f41ca27e?s=96&d=mm&r=g\",\"url\":\"https:\\\/\\\/secure.gravatar.com\\\/avatar\\\/e749275d06ff58ffd0d716ba1502b0092da49d07e52fc6801cf7d095f41ca27e?s=96&d=mm&r=g\",\"contentUrl\":\"https:\\\/\\\/secure.gravatar.com\\\/avatar\\\/e749275d06ff58ffd0d716ba1502b0092da49d07e52fc6801cf7d095f41ca27e?s=96&d=mm&r=g\",\"caption\":\"ensstedu\"},\"sameAs\":[\"https:\\\/\\\/ensst.edu.co\\\/ens\"],\"url\":\"https:\\\/\\\/ensst.edu.co\\\/ens\\\/author\\\/ensstedu\\\/\"}]}<\/script>\n<!-- \/ Yoast SEO Premium plugin. -->","yoast_head_json":{"title":"CELEBRACI\u00d3N D\u00cdA DEL IDIOMA - ESCUELA NORMAL SUPERIOR SANTIAGO DE TUNJA","robots":{"index":"index","follow":"follow","max-snippet":"max-snippet:-1","max-image-preview":"max-image-preview:large","max-video-preview":"max-video-preview:-1"},"canonical":"https:\/\/ensst.edu.co\/ens\/2021\/04\/19\/celebracion-dia-del-idioma\/","og_locale":"es_ES","og_type":"article","og_title":"CELEBRACI\u00d3N D\u00cdA DEL IDIOMA","og_description":"Estimada comunidad normalista: con motivo de la celebraci\u00f3n del d\u00eda del Idioma, los invitamos a ser part\u00edcipes de las diferentes actividades que se llevar\u00e1n a cabo desde el 19 al 23 de abril, ....","og_url":"https:\/\/ensst.edu.co\/ens\/2021\/04\/19\/celebracion-dia-del-idioma\/","og_site_name":"ESCUELA NORMAL SUPERIOR SANTIAGO DE TUNJA","article_published_time":"2021-04-19T20:53:59+00:00","article_modified_time":"2023-07-26T21:19:55+00:00","og_image":[{"width":853,"height":1280,"url":"https:\/\/ensst.edu.co\/ens\/wp-content\/uploads\/2021\/04\/Logo-Dia-idioma.jpg","type":"image\/jpeg"}],"author":"ensstedu","twitter_card":"summary_large_image","twitter_misc":{"Escrito por":"ensstedu","Tiempo de lectura":"1 minuto"},"schema":{"@context":"https:\/\/schema.org","@graph":[{"@type":"Article","@id":"https:\/\/ensst.edu.co\/ens\/2021\/04\/19\/celebracion-dia-del-idioma\/#article","isPartOf":{"@id":"https:\/\/ensst.edu.co\/ens\/2021\/04\/19\/celebracion-dia-del-idioma\/"},"author":{"name":"ensstedu","@id":"https:\/\/ensst.edu.co\/ens\/#\/schema\/person\/8d2641fc7ac8d6c94185f26ebd409116"},"headline":"CELEBRACI\u00d3N D\u00cdA DEL IDIOMA","datePublished":"2021-04-19T20:53:59+00:00","dateModified":"2023-07-26T21:19:55+00:00","mainEntityOfPage":{"@id":"https:\/\/ensst.edu.co\/ens\/2021\/04\/19\/celebracion-dia-del-idioma\/"},"wordCount":82,"publisher":{"@id":"https:\/\/ensst.edu.co\/ens\/#organization"},"image":{"@id":"https:\/\/ensst.edu.co\/ens\/2021\/04\/19\/celebracion-dia-del-idioma\/#primaryimage"},"thumbnailUrl":"https:\/\/ensst.edu.co\/ens\/wp-content\/uploads\/2021\/04\/Logo-Dia-idioma.jpg","articleSection":["EVENTOS"],"inLanguage":"es"},{"@type":"WebPage","@id":"https:\/\/ensst.edu.co\/ens\/2021\/04\/19\/celebracion-dia-del-idioma\/","url":"https:\/\/ensst.edu.co\/ens\/2021\/04\/19\/celebracion-dia-del-idioma\/","name":"CELEBRACI\u00d3N D\u00cdA DEL IDIOMA - ESCUELA NORMAL SUPERIOR SANTIAGO DE TUNJA","isPartOf":{"@id":"https:\/\/ensst.edu.co\/ens\/#website"},"primaryImageOfPage":{"@id":"https:\/\/ensst.edu.co\/ens\/2021\/04\/19\/celebracion-dia-del-idioma\/#primaryimage"},"image":{"@id":"https:\/\/ensst.edu.co\/ens\/2021\/04\/19\/celebracion-dia-del-idioma\/#primaryimage"},"thumbnailUrl":"https:\/\/ensst.edu.co\/ens\/wp-content\/uploads\/2021\/04\/Logo-Dia-idioma.jpg","datePublished":"2021-04-19T20:53:59+00:00","dateModified":"2023-07-26T21:19:55+00:00","breadcrumb":{"@id":"https:\/\/ensst.edu.co\/ens\/2021\/04\/19\/celebracion-dia-del-idioma\/#breadcrumb"},"inLanguage":"es","potentialAction":[{"@type":"ReadAction","target":["https:\/\/ensst.edu.co\/ens\/2021\/04\/19\/celebracion-dia-del-idioma\/"]}]},{"@type":"ImageObject","inLanguage":"es","@id":"https:\/\/ensst.edu.co\/ens\/2021\/04\/19\/celebracion-dia-del-idioma\/#primaryimage","url":"https:\/\/ensst.edu.co\/ens\/wp-content\/uploads\/2021\/04\/Logo-Dia-idioma.jpg","contentUrl":"https:\/\/ensst.edu.co\/ens\/wp-content\/uploads\/2021\/04\/Logo-Dia-idioma.jpg","width":853,"height":1280},{"@type":"BreadcrumbList","@id":"https:\/\/ensst.edu.co\/ens\/2021\/04\/19\/celebracion-dia-del-idioma\/#breadcrumb","itemListElement":[{"@type":"ListItem","position":1,"name":"Portada","item":"https:\/\/ensst.edu.co\/ens\/"},{"@type":"ListItem","position":2,"name":"CELEBRACI\u00d3N D\u00cdA DEL IDIOMA"}]},{"@type":"WebSite","@id":"https:\/\/ensst.edu.co\/ens\/#website","url":"https:\/\/ensst.edu.co\/ens\/","name":"ESCUELA NORMAL SUPERIOR SANTIAGO DE TUNJA","description":"TUNJA - BOYAC\u00c1","publisher":{"@id":"https:\/\/ensst.edu.co\/ens\/#organization"},"potentialAction":[{"@type":"SearchAction","target":{"@type":"EntryPoint","urlTemplate":"https:\/\/ensst.edu.co\/ens\/?s={search_term_string}"},"query-input":{"@type":"PropertyValueSpecification","valueRequired":true,"valueName":"search_term_string"}}],"inLanguage":"es"},{"@type":"Organization","@id":"https:\/\/ensst.edu.co\/ens\/#organization","name":"ESCUELA NORMAL SUPERIOR SANTIAGO DE TUNJA","url":"https:\/\/ensst.edu.co\/ens\/","logo":{"@type":"ImageObject","inLanguage":"es","@id":"https:\/\/ensst.edu.co\/ens\/#\/schema\/logo\/image\/","url":"https:\/\/ensst.edu.co\/ens\/wp-content\/uploads\/2020\/05\/cropped-Escudo-1.png","contentUrl":"https:\/\/ensst.edu.co\/ens\/wp-content\/uploads\/2020\/05\/cropped-Escudo-1.png","width":512,"height":512,"caption":"ESCUELA NORMAL SUPERIOR SANTIAGO DE TUNJA"},"image":{"@id":"https:\/\/ensst.edu.co\/ens\/#\/schema\/logo\/image\/"}},{"@type":"Person","@id":"https:\/\/ensst.edu.co\/ens\/#\/schema\/person\/8d2641fc7ac8d6c94185f26ebd409116","name":"ensstedu","image":{"@type":"ImageObject","inLanguage":"es","@id":"https:\/\/secure.gravatar.com\/avatar\/e749275d06ff58ffd0d716ba1502b0092da49d07e52fc6801cf7d095f41ca27e?s=96&d=mm&r=g","url":"https:\/\/secure.gravatar.com\/avatar\/e749275d06ff58ffd0d716ba1502b0092da49d07e52fc6801cf7d095f41ca27e?s=96&d=mm&r=g","contentUrl":"https:\/\/secure.gravatar.com\/avatar\/e749275d06ff58ffd0d716ba1502b0092da49d07e52fc6801cf7d095f41ca27e?s=96&d=mm&r=g","caption":"ensstedu"},"sameAs":["https:\/\/ensst.edu.co\/ens"],"url":"https:\/\/ensst.edu.co\/ens\/author\/ensstedu\/"}]}},"_links":{"self":[{"href":"https:\/\/ensst.edu.co\/ens\/wp-json\/wp\/v2\/posts\/3176","targetHints":{"allow":["GET"]}}],"collection":[{"href":"https:\/\/ensst.edu.co\/ens\/wp-json\/wp\/v2\/posts"}],"about":[{"href":"https:\/\/ensst.edu.co\/ens\/wp-json\/wp\/v2\/types\/post"}],"author":[{"embeddable":true,"href":"https:\/\/ensst.edu.co\/ens\/wp-json\/wp\/v2\/users\/1"}],"replies":[{"embeddable":true,"href":"https:\/\/ensst.edu.co\/ens\/wp-json\/wp\/v2\/comments?post=3176"}],"version-history":[{"count":16,"href":"https:\/\/ensst.edu.co\/ens\/wp-json\/wp\/v2\/posts\/3176\/revisions"}],"predecessor-version":[{"id":5771,"href":"https:\/\/ensst.edu.co\/ens\/wp-json\/wp\/v2\/posts\/3176\/revisions\/5771"}],"wp:featuredmedia":[{"embeddable":true,"href":"https:\/\/ensst.edu.co\/ens\/wp-json\/wp\/v2\/media\/3177"}],"wp:attachment":[{"href":"https:\/\/ensst.edu.co\/ens\/wp-json\/wp\/v2\/media?parent=3176"}],"wp:term":[{"taxonomy":"category","embeddable":true,"href":"https:\/\/ensst.edu.co\/ens\/wp-json\/wp\/v2\/categories?post=3176"},{"taxonomy":"post_tag","embeddable":true,"href":"https:\/\/ensst.edu.co\/ens\/wp-json\/wp\/v2\/tags?post=3176"}],"curies":[{"name":"wp","href":"https:\/\/api.w.org\/{rel}","templated":true}]}}