{"id":1960,"date":"2020-06-25T10:00:00","date_gmt":"2020-06-25T15:00:00","guid":{"rendered":"https:\/\/ensst.edu.co\/ens\/?p=1960"},"modified":"2023-07-26T16:48:58","modified_gmt":"2023-07-26T21:48:58","slug":"cronograma-de-actividades-jardin-infantil","status":"publish","type":"post","link":"https:\/\/ensst.edu.co\/ens\/2020\/06\/25\/cronograma-de-actividades-jardin-infantil\/","title":{"rendered":"CRONOGRAMA DE ACTIVIDADES JARD\u00cdN INFANTIL"},"content":{"rendered":"\t\t<div data-elementor-type=\"wp-post\" data-elementor-id=\"1960\" class=\"elementor elementor-1960\" data-elementor-post-type=\"post\">\n\t\t\t\t\t\t<section class=\"elementor-section elementor-top-section elementor-element elementor-element-379df0d elementor-section-boxed elementor-section-height-default elementor-section-height-default\" data-id=\"379df0d\" data-element_type=\"section\" data-e-type=\"section\">\n\t\t\t\t\t\t<div class=\"elementor-container elementor-column-gap-default\">\n\t\t\t\t\t<div class=\"elementor-column elementor-col-100 elementor-top-column elementor-element elementor-element-36a6200\" data-id=\"36a6200\" data-element_type=\"column\" data-e-type=\"column\">\n\t\t\t<div class=\"elementor-widget-wrap elementor-element-populated\">\n\t\t\t\t\t\t<div class=\"elementor-element elementor-element-fedaf5f elementor-widget elementor-widget-text-editor\" data-id=\"fedaf5f\" data-element_type=\"widget\" data-e-type=\"widget\" data-widget_type=\"text-editor.default\">\n\t\t\t\t<div class=\"elementor-widget-container\">\n\t\t\t\t\t\t\t\t\t<p style=\"text-align: right;\">\u00a0Tunja, 04 de junio de 2020<\/p><p>\u00a0<\/p><p>Apreciados Padres de Familia.<\/p><p>En nombre del equipo de docentes y directivos de la Sede Jard\u00edn Infantil de la Escuela Normal Superior Santiago de Tunja, presento a todos Ustedes un respetuoso saludo, deseando que nuestro Creador brinde protecci\u00f3n a su familia.<\/p><p>Como es bien sabido por todos, la Presidencia de la Rep\u00fablica ha tomado la decisi\u00f3n de prolongar hasta el pr\u00f3ximo 31 de julio el periodo de educaci\u00f3n, bajo la modalidad de trabajo en casa, de todos los estudiantes de los colegios y universidades del pa\u00eds. Por lo anterior, se hace necesario hacer entrega del nuevo material de trabajo, con el cual los(as) ni\u00f1os(as), acompa\u00f1ados por sus padres y orientados, v\u00eda telef\u00f3nica, por sus docentes, estar\u00e1n adelantando su proceso formativo.<\/p><p>Las siguientes son las orientaciones para este nuevo periodo de trabajo, correspondientes a los estudiantes del grado Primero, Sede Jard\u00edn Infantil:<\/p><ol><li>Ante la imposibilidad de conectividad de la gran mayor\u00eda de las familias de nuestros ni\u00f1os, por no poseer equipo de c\u00f3mputo, internet, ni disponer todo el tiempo de un celular con plan de datos que facilite desarrollar el proceso educativo de manera virtual, nuevamente se hace entrega en medio f\u00edsico de todos los documentos para que los ni\u00f1os, desarrollen trabajo en casa, siguiendo la programaci\u00f3n enunciada a continuaci\u00f3n:<\/li><\/ol>\t\t\t\t\t\t\t\t<\/div>\n\t\t\t\t<\/div>\n\t\t\t\t<div class=\"elementor-element elementor-element-415a5eb elementor-widget elementor-widget-image\" data-id=\"415a5eb\" data-element_type=\"widget\" data-e-type=\"widget\" data-widget_type=\"image.default\">\n\t\t\t\t<div class=\"elementor-widget-container\">\n\t\t\t\t\t\t\t\t\t\t\t\t\t\t\t<img fetchpriority=\"high\" decoding=\"async\" width=\"1024\" height=\"374\" src=\"https:\/\/ensst.edu.co\/ens\/wp-content\/uploads\/2020\/06\/2-TRANSICI\u00d3N-INSTRUCTIVO.pdf-Adobe-Acrobat-Pro-DC-25_06_2020-11_23_17-a.-m.-1024x374.png\" class=\"attachment-large size-large wp-image-2023\" alt=\"\" srcset=\"https:\/\/ensst.edu.co\/ens\/wp-content\/uploads\/2020\/06\/2-TRANSICI\u00d3N-INSTRUCTIVO.pdf-Adobe-Acrobat-Pro-DC-25_06_2020-11_23_17-a.-m.-1024x374.png 1024w, https:\/\/ensst.edu.co\/ens\/wp-content\/uploads\/2020\/06\/2-TRANSICI\u00d3N-INSTRUCTIVO.pdf-Adobe-Acrobat-Pro-DC-25_06_2020-11_23_17-a.-m.-300x110.png 300w, https:\/\/ensst.edu.co\/ens\/wp-content\/uploads\/2020\/06\/2-TRANSICI\u00d3N-INSTRUCTIVO.pdf-Adobe-Acrobat-Pro-DC-25_06_2020-11_23_17-a.-m.-768x281.png 768w, https:\/\/ensst.edu.co\/ens\/wp-content\/uploads\/2020\/06\/2-TRANSICI\u00d3N-INSTRUCTIVO.pdf-Adobe-Acrobat-Pro-DC-25_06_2020-11_23_17-a.-m..png 1094w\" sizes=\"(max-width: 1024px) 100vw, 1024px\" \/>\t\t\t\t\t\t\t\t\t\t\t\t\t\t\t<\/div>\n\t\t\t\t<\/div>\n\t\t\t\t\t<\/div>\n\t\t<\/div>\n\t\t\t\t\t<\/div>\n\t\t<\/section>\n\t\t\t\t<section class=\"elementor-section elementor-top-section elementor-element elementor-element-6cfbeae elementor-section-boxed elementor-section-height-default elementor-section-height-default\" data-id=\"6cfbeae\" data-element_type=\"section\" data-e-type=\"section\">\n\t\t\t\t\t\t<div class=\"elementor-container elementor-column-gap-default\">\n\t\t\t\t\t<div class=\"elementor-column elementor-col-100 elementor-top-column elementor-element elementor-element-e1a77f1\" data-id=\"e1a77f1\" data-element_type=\"column\" data-e-type=\"column\">\n\t\t\t<div class=\"elementor-widget-wrap elementor-element-populated\">\n\t\t\t\t\t\t<div class=\"elementor-element elementor-element-5f6b27a elementor-widget elementor-widget-text-editor\" data-id=\"5f6b27a\" data-element_type=\"widget\" data-e-type=\"widget\" data-widget_type=\"text-editor.default\">\n\t\t\t\t<div class=\"elementor-widget-container\">\n\t\t\t\t\t\t\t\t\t<p>2. Se continuar\u00e1 con el acompa\u00f1amiento por los medios hasta ahora utilizados, previo acuerdo entre el docente y acudiente, de tal manera que se cumpla a cabalidad el trabajo pedag\u00f3gico, sin que ello imposibilite el desarrollo laboral de los padres.<\/p><p>3. Los docentes continuar\u00e1n trabajando en su respectiva jornada (jornada escolar de cada ni\u00f1o): Jornada ma\u00f1ana: 7:00 am a 12:00 m (para estudiantes de la jornada de la ma\u00f1ana) Jornada tarde: 1:00 pm a 6:00 pm (para estudiantes de la jornada de la tarde).<\/p><p>4. Se establecen las siguientes actividades a desarrollar cada d\u00eda de la semana:<\/p><p>\u00a0<\/p>\t\t\t\t\t\t\t\t<\/div>\n\t\t\t\t<\/div>\n\t\t\t\t<div class=\"elementor-element elementor-element-e126b8b elementor-widget elementor-widget-image\" data-id=\"e126b8b\" data-element_type=\"widget\" data-e-type=\"widget\" data-widget_type=\"image.default\">\n\t\t\t\t<div class=\"elementor-widget-container\">\n\t\t\t\t\t\t\t\t\t\t\t\t\t\t\t<img decoding=\"async\" width=\"1004\" height=\"557\" src=\"https:\/\/ensst.edu.co\/ens\/wp-content\/uploads\/2020\/06\/2-TRANSICI\u00d3N-INSTRUCTIVO.pdf-Adobe-Acrobat-Pro-DC-25_06_2020-11_23_32-a.-m..png\" class=\"attachment-large size-large wp-image-2024\" alt=\"\" srcset=\"https:\/\/ensst.edu.co\/ens\/wp-content\/uploads\/2020\/06\/2-TRANSICI\u00d3N-INSTRUCTIVO.pdf-Adobe-Acrobat-Pro-DC-25_06_2020-11_23_32-a.-m..png 1004w, https:\/\/ensst.edu.co\/ens\/wp-content\/uploads\/2020\/06\/2-TRANSICI\u00d3N-INSTRUCTIVO.pdf-Adobe-Acrobat-Pro-DC-25_06_2020-11_23_32-a.-m.-300x166.png 300w, https:\/\/ensst.edu.co\/ens\/wp-content\/uploads\/2020\/06\/2-TRANSICI\u00d3N-INSTRUCTIVO.pdf-Adobe-Acrobat-Pro-DC-25_06_2020-11_23_32-a.-m.-768x426.png 768w\" sizes=\"(max-width: 1004px) 100vw, 1004px\" \/>\t\t\t\t\t\t\t\t\t\t\t\t\t\t\t<\/div>\n\t\t\t\t<\/div>\n\t\t\t\t\t<\/div>\n\t\t<\/div>\n\t\t\t\t\t<\/div>\n\t\t<\/section>\n\t\t\t\t<section class=\"elementor-section elementor-top-section elementor-element elementor-element-496e5de elementor-section-boxed elementor-section-height-default elementor-section-height-default\" data-id=\"496e5de\" data-element_type=\"section\" data-e-type=\"section\">\n\t\t\t\t\t\t<div class=\"elementor-container elementor-column-gap-default\">\n\t\t\t\t\t<div class=\"elementor-column elementor-col-100 elementor-top-column elementor-element elementor-element-7c17c1a\" data-id=\"7c17c1a\" data-element_type=\"column\" data-e-type=\"column\">\n\t\t\t<div class=\"elementor-widget-wrap elementor-element-populated\">\n\t\t\t\t\t\t<div class=\"elementor-element elementor-element-68bb2ab elementor-widget elementor-widget-text-editor\" data-id=\"68bb2ab\" data-element_type=\"widget\" data-e-type=\"widget\" data-widget_type=\"text-editor.default\">\n\t\t\t\t<div class=\"elementor-widget-container\">\n\t\t\t\t\t\t\t\t\t<p>5. Se hace necesario cambiar el programa de Televisi\u00f3n para los ni\u00f1os de este grado, debido a que el contenido de EL PROFE EN TU CASA, presentado por RTVC Se\u00f1al Colombia, a las 10:00 am, los d\u00edas mi\u00e9rcoles, resulta muy complejo para su nivel intelectual.\u00a0 Por tanto, se sugiere observar ese mismo d\u00eda la programaci\u00f3n de la franja infantil que se desarrolla entre las 8:00 a 9:00, o, 9:00 am a 10:00 am.<\/p><p>6. Aquellos padres que por motivos de fuerza mayor NO puedan hacer llegar evidencias a trav\u00e9s de correo electr\u00f3nico, whatsapp o alg\u00fan otro medio virtual, pueden hacerlo en MEDIO F\u00cdSICO, entregando en la porter\u00eda de la Sede Jard\u00edn Infantil, los documentos debidamente organizados, marcados y dentro de una carpeta y sobre de manila, los cuales ser\u00e1n enviados al (la) docente respectivo(a).<\/p><p>7. Se reitera la solicitud a aquellos padres de familia que a\u00fan no lo han hecho, crear un correo electr\u00f3nico al cual se pueda enviar informaci\u00f3n y consultarlo, cuando tenga posibilidades, bien sea en el trabajo, en el vecindario o se reactive la econom\u00eda inform\u00e1tica. Cuando haya sido creado, favor reportarlo al\/la docente, director(a) del curso de su hijo.<\/p><p>8.\u00a0Nuevamente, se recomienda el BUEN TRATO, la MOTIVACI\u00d3N CONSTANTE y el AFECTO hacia los ni\u00f1os ya que eso ayuda a fortalecer el \u00e1nimo de los menores y les genera confianza en s\u00ed mismos, al igual que la fuerza de voluntad necesaria para desarrollar el trabajo acad\u00e9mico en casa.<\/p><p>9. Se recomienda aprovechar las recientes medidas tomadas por el Gobierno Nacional, relacionadas con la posibilidad de sacar los ni\u00f1os a un lugar cercano a su residencia (no m\u00e1s lejano a 1 km) para desarrollar una rutina de ejercicio f\u00edsico, siempre y cuando se tomen las medidas de cuidado y bioseguridad.<\/p><p>10. Finalmente, no puedo dejar pasar esta fecha tan importante, sin enviarles, junto con todos mis compa\u00f1eros, un fuerte abrazo con motivo de la celebraci\u00f3n del d\u00eda de la Familia, en el pasado mes de mayo, ojal\u00e1 que esta \u00e9poca de confinamiento sea una bonita oportunidad para compartir juntos (padres e hijos), planear acciones que contribuyan al mejoramiento de sus proyectos de vida, pero sobre todo para vivenciar los valores del AMOR, SOLIDARIDAD, RESPETO, TOLERANCIA Y PAZ. y como dijera el Papa Juan Pablo II \u201c\u201cLa familia est\u00e1 llamada a ser templo, o sea, casa de oraci\u00f3n: una oraci\u00f3n sencilla, llena de esfuerzo y ternura. Una oraci\u00f3n que se hace vida, para que toda la vida se convierta en oraci\u00f3n\u201d.<\/p><p>\u00a0<\/p><p>\u00a0<\/p><p>\u00a0<\/p><p>\u00a0<\/p>\t\t\t\t\t\t\t\t<\/div>\n\t\t\t\t<\/div>\n\t\t\t\t\t<\/div>\n\t\t<\/div>\n\t\t\t\t\t<\/div>\n\t\t<\/section>\n\t\t\t\t<section class=\"elementor-section elementor-top-section elementor-element elementor-element-8108355 elementor-section-boxed elementor-section-height-default elementor-section-height-default\" data-id=\"8108355\" data-element_type=\"section\" data-e-type=\"section\">\n\t\t\t\t\t\t<div class=\"elementor-container elementor-column-gap-default\">\n\t\t\t\t\t<div class=\"elementor-column elementor-col-100 elementor-top-column elementor-element elementor-element-39a6470\" data-id=\"39a6470\" data-element_type=\"column\" data-e-type=\"column\">\n\t\t\t<div class=\"elementor-widget-wrap elementor-element-populated\">\n\t\t\t\t\t\t<div class=\"elementor-element elementor-element-ab04142 elementor-widget elementor-widget-text-editor\" data-id=\"ab04142\" data-element_type=\"widget\" data-e-type=\"widget\" data-widget_type=\"text-editor.default\">\n\t\t\t\t<div class=\"elementor-widget-container\">\n\t\t\t\t\t\t\t\t\t<p>Cordialmente,<\/p><p>LIGIA YANETH L\u00d3PEZ RODR\u00cdGUEZ\u00a0 \u00a0 \u00a0 \u00a0 \u00a0 \u00a0 \u00a0 \u00a0 \u00a0 \u00a0 \u00a0 \u00a0 \u00a0 \u00a0 \u00a0 \u00a0 \u00a0 \u00a0 \u00a0 \u00a0 \u00a0 \u00a0 \u00a0 \u00a0 \u00a0 \u00a0 \u00a0 \u00a0 \u00a0 \u00a0 \u00a0 \u00a0 \u00a0 \u00a0 \u00a0 \u00a0 \u00a0 \u00a0 \u00a0 \u00a0 \u00a0 \u00a0 \u00a0 \u00a0 \u00a0 \u00a0 \u00a0 \u00a0 \u00a0 \u00a0 \u00a0 \u00a0 \u00a0 \u00a0 \u00a0 \u00a0 \u00a0 \u00a0 \u00a0 \u00a0 \u00a0 \u00a0 \u00a0 \u00a0 \u00a0 \u00a0 Coordinadora<\/p>\t\t\t\t\t\t\t\t<\/div>\n\t\t\t\t<\/div>\n\t\t\t\t\t<\/div>\n\t\t<\/div>\n\t\t\t\t\t<\/div>\n\t\t<\/section>\n\t\t\t\t<\/div>\n\t\t","protected":false},"excerpt":{"rendered":"<p>\u00a0Tunja, 04 de junio de 2020 \u00a0 Apreciados Padres de Familia. En nombre del equipo de docentes y directivos de la Sede Jard\u00edn Infantil de la Escuela Normal Superior Santiago de Tunja, presento a todos Ustedes un respetuoso saludo, deseando que nuestro Creador brinde protecci\u00f3n a su familia. Como es bien sabido por todos, la [&hellip;]<\/p>\n","protected":false},"author":1,"featured_media":2027,"comment_status":"closed","ping_status":"open","sticky":false,"template":"","format":"standard","meta":{"footnotes":""},"categories":[21],"tags":[],"class_list":["post-1960","post","type-post","status-publish","format-standard","has-post-thumbnail","hentry","category-cronograma","entry","has-media"],"yoast_head":"<!-- This site is optimized with the Yoast SEO Premium plugin v26.9 (Yoast SEO v27.4) - https:\/\/yoast.com\/product\/yoast-seo-premium-wordpress\/ -->\n<title>CRONOGRAMA DE ACTIVIDADES JARD\u00cdN INFANTIL - ESCUELA NORMAL SUPERIOR SANTIAGO DE TUNJA<\/title>\n<meta name=\"description\" content=\"Como es bien sabido por todos, la Presidencia de la Rep\u00fablica ha tomado la decisi\u00f3n de prolongar hasta el pr\u00f3ximo 31 de julio el periodo de educaci\u00f3n...\" \/>\n<meta name=\"robots\" content=\"index, follow, max-snippet:-1, max-image-preview:large, max-video-preview:-1\" \/>\n<link rel=\"canonical\" href=\"https:\/\/ensst.edu.co\/ens\/2020\/06\/25\/cronograma-de-actividades-jardin-infantil\/\" \/>\n<meta property=\"og:locale\" content=\"es_ES\" \/>\n<meta property=\"og:type\" content=\"article\" \/>\n<meta property=\"og:title\" content=\"CRONOGRAMA DE ACTIVIDADES JARD\u00cdN INFANTIL\" \/>\n<meta property=\"og:description\" content=\"Como es bien sabido por todos, la Presidencia de la Rep\u00fablica ha tomado la decisi\u00f3n de prolongar hasta el pr\u00f3ximo 31 de julio el periodo de educaci\u00f3n...\" \/>\n<meta property=\"og:url\" content=\"https:\/\/ensst.edu.co\/ens\/2020\/06\/25\/cronograma-de-actividades-jardin-infantil\/\" \/>\n<meta property=\"og:site_name\" content=\"ESCUELA NORMAL SUPERIOR SANTIAGO DE TUNJA\" \/>\n<meta property=\"article:published_time\" content=\"2020-06-25T15:00:00+00:00\" \/>\n<meta property=\"article:modified_time\" content=\"2023-07-26T21:48:58+00:00\" \/>\n<meta property=\"og:image\" content=\"https:\/\/ensst.edu.co\/ens\/wp-content\/uploads\/2020\/06\/Cronograma-jardin-infantil-min.png\" \/>\n\t<meta property=\"og:image:width\" content=\"538\" \/>\n\t<meta property=\"og:image:height\" content=\"306\" \/>\n\t<meta property=\"og:image:type\" content=\"image\/png\" \/>\n<meta name=\"author\" content=\"ensstedu\" \/>\n<meta name=\"twitter:card\" content=\"summary_large_image\" \/>\n<meta name=\"twitter:label1\" content=\"Escrito por\" \/>\n\t<meta name=\"twitter:data1\" content=\"ensstedu\" \/>\n\t<meta name=\"twitter:label2\" content=\"Tiempo de lectura\" \/>\n\t<meta name=\"twitter:data2\" content=\"4 minutos\" \/>\n<script type=\"application\/ld+json\" class=\"yoast-schema-graph\">{\"@context\":\"https:\\\/\\\/schema.org\",\"@graph\":[{\"@type\":\"Article\",\"@id\":\"https:\\\/\\\/ensst.edu.co\\\/ens\\\/2020\\\/06\\\/25\\\/cronograma-de-actividades-jardin-infantil\\\/#article\",\"isPartOf\":{\"@id\":\"https:\\\/\\\/ensst.edu.co\\\/ens\\\/2020\\\/06\\\/25\\\/cronograma-de-actividades-jardin-infantil\\\/\"},\"author\":{\"name\":\"ensstedu\",\"@id\":\"https:\\\/\\\/ensst.edu.co\\\/ens\\\/#\\\/schema\\\/person\\\/8d2641fc7ac8d6c94185f26ebd409116\"},\"headline\":\"CRONOGRAMA DE ACTIVIDADES JARD\u00cdN INFANTIL\",\"datePublished\":\"2020-06-25T15:00:00+00:00\",\"dateModified\":\"2023-07-26T21:48:58+00:00\",\"mainEntityOfPage\":{\"@id\":\"https:\\\/\\\/ensst.edu.co\\\/ens\\\/2020\\\/06\\\/25\\\/cronograma-de-actividades-jardin-infantil\\\/\"},\"wordCount\":781,\"publisher\":{\"@id\":\"https:\\\/\\\/ensst.edu.co\\\/ens\\\/#organization\"},\"image\":{\"@id\":\"https:\\\/\\\/ensst.edu.co\\\/ens\\\/2020\\\/06\\\/25\\\/cronograma-de-actividades-jardin-infantil\\\/#primaryimage\"},\"thumbnailUrl\":\"https:\\\/\\\/ensst.edu.co\\\/ens\\\/wp-content\\\/uploads\\\/2020\\\/06\\\/Cronograma-jardin-infantil-min.png\",\"articleSection\":[\"CRONOGRAMA\"],\"inLanguage\":\"es\"},{\"@type\":\"WebPage\",\"@id\":\"https:\\\/\\\/ensst.edu.co\\\/ens\\\/2020\\\/06\\\/25\\\/cronograma-de-actividades-jardin-infantil\\\/\",\"url\":\"https:\\\/\\\/ensst.edu.co\\\/ens\\\/2020\\\/06\\\/25\\\/cronograma-de-actividades-jardin-infantil\\\/\",\"name\":\"CRONOGRAMA DE ACTIVIDADES JARD\u00cdN INFANTIL - ESCUELA NORMAL SUPERIOR SANTIAGO DE TUNJA\",\"isPartOf\":{\"@id\":\"https:\\\/\\\/ensst.edu.co\\\/ens\\\/#website\"},\"primaryImageOfPage\":{\"@id\":\"https:\\\/\\\/ensst.edu.co\\\/ens\\\/2020\\\/06\\\/25\\\/cronograma-de-actividades-jardin-infantil\\\/#primaryimage\"},\"image\":{\"@id\":\"https:\\\/\\\/ensst.edu.co\\\/ens\\\/2020\\\/06\\\/25\\\/cronograma-de-actividades-jardin-infantil\\\/#primaryimage\"},\"thumbnailUrl\":\"https:\\\/\\\/ensst.edu.co\\\/ens\\\/wp-content\\\/uploads\\\/2020\\\/06\\\/Cronograma-jardin-infantil-min.png\",\"datePublished\":\"2020-06-25T15:00:00+00:00\",\"dateModified\":\"2023-07-26T21:48:58+00:00\",\"description\":\"Como es bien sabido por todos, la Presidencia de la Rep\u00fablica ha tomado la decisi\u00f3n de prolongar hasta el pr\u00f3ximo 31 de julio el periodo de educaci\u00f3n...\",\"breadcrumb\":{\"@id\":\"https:\\\/\\\/ensst.edu.co\\\/ens\\\/2020\\\/06\\\/25\\\/cronograma-de-actividades-jardin-infantil\\\/#breadcrumb\"},\"inLanguage\":\"es\",\"potentialAction\":[{\"@type\":\"ReadAction\",\"target\":[\"https:\\\/\\\/ensst.edu.co\\\/ens\\\/2020\\\/06\\\/25\\\/cronograma-de-actividades-jardin-infantil\\\/\"]}]},{\"@type\":\"ImageObject\",\"inLanguage\":\"es\",\"@id\":\"https:\\\/\\\/ensst.edu.co\\\/ens\\\/2020\\\/06\\\/25\\\/cronograma-de-actividades-jardin-infantil\\\/#primaryimage\",\"url\":\"https:\\\/\\\/ensst.edu.co\\\/ens\\\/wp-content\\\/uploads\\\/2020\\\/06\\\/Cronograma-jardin-infantil-min.png\",\"contentUrl\":\"https:\\\/\\\/ensst.edu.co\\\/ens\\\/wp-content\\\/uploads\\\/2020\\\/06\\\/Cronograma-jardin-infantil-min.png\",\"width\":538,\"height\":306},{\"@type\":\"BreadcrumbList\",\"@id\":\"https:\\\/\\\/ensst.edu.co\\\/ens\\\/2020\\\/06\\\/25\\\/cronograma-de-actividades-jardin-infantil\\\/#breadcrumb\",\"itemListElement\":[{\"@type\":\"ListItem\",\"position\":1,\"name\":\"Portada\",\"item\":\"https:\\\/\\\/ensst.edu.co\\\/ens\\\/\"},{\"@type\":\"ListItem\",\"position\":2,\"name\":\"CRONOGRAMA DE ACTIVIDADES JARD\u00cdN INFANTIL\"}]},{\"@type\":\"WebSite\",\"@id\":\"https:\\\/\\\/ensst.edu.co\\\/ens\\\/#website\",\"url\":\"https:\\\/\\\/ensst.edu.co\\\/ens\\\/\",\"name\":\"ESCUELA NORMAL SUPERIOR SANTIAGO DE TUNJA\",\"description\":\"TUNJA - BOYAC\u00c1\",\"publisher\":{\"@id\":\"https:\\\/\\\/ensst.edu.co\\\/ens\\\/#organization\"},\"potentialAction\":[{\"@type\":\"SearchAction\",\"target\":{\"@type\":\"EntryPoint\",\"urlTemplate\":\"https:\\\/\\\/ensst.edu.co\\\/ens\\\/?s={search_term_string}\"},\"query-input\":{\"@type\":\"PropertyValueSpecification\",\"valueRequired\":true,\"valueName\":\"search_term_string\"}}],\"inLanguage\":\"es\"},{\"@type\":\"Organization\",\"@id\":\"https:\\\/\\\/ensst.edu.co\\\/ens\\\/#organization\",\"name\":\"ESCUELA NORMAL SUPERIOR SANTIAGO DE TUNJA\",\"url\":\"https:\\\/\\\/ensst.edu.co\\\/ens\\\/\",\"logo\":{\"@type\":\"ImageObject\",\"inLanguage\":\"es\",\"@id\":\"https:\\\/\\\/ensst.edu.co\\\/ens\\\/#\\\/schema\\\/logo\\\/image\\\/\",\"url\":\"https:\\\/\\\/ensst.edu.co\\\/ens\\\/wp-content\\\/uploads\\\/2020\\\/05\\\/cropped-Escudo-1.png\",\"contentUrl\":\"https:\\\/\\\/ensst.edu.co\\\/ens\\\/wp-content\\\/uploads\\\/2020\\\/05\\\/cropped-Escudo-1.png\",\"width\":512,\"height\":512,\"caption\":\"ESCUELA NORMAL SUPERIOR SANTIAGO DE TUNJA\"},\"image\":{\"@id\":\"https:\\\/\\\/ensst.edu.co\\\/ens\\\/#\\\/schema\\\/logo\\\/image\\\/\"}},{\"@type\":\"Person\",\"@id\":\"https:\\\/\\\/ensst.edu.co\\\/ens\\\/#\\\/schema\\\/person\\\/8d2641fc7ac8d6c94185f26ebd409116\",\"name\":\"ensstedu\",\"image\":{\"@type\":\"ImageObject\",\"inLanguage\":\"es\",\"@id\":\"https:\\\/\\\/secure.gravatar.com\\\/avatar\\\/e749275d06ff58ffd0d716ba1502b0092da49d07e52fc6801cf7d095f41ca27e?s=96&d=mm&r=g\",\"url\":\"https:\\\/\\\/secure.gravatar.com\\\/avatar\\\/e749275d06ff58ffd0d716ba1502b0092da49d07e52fc6801cf7d095f41ca27e?s=96&d=mm&r=g\",\"contentUrl\":\"https:\\\/\\\/secure.gravatar.com\\\/avatar\\\/e749275d06ff58ffd0d716ba1502b0092da49d07e52fc6801cf7d095f41ca27e?s=96&d=mm&r=g\",\"caption\":\"ensstedu\"},\"sameAs\":[\"https:\\\/\\\/ensst.edu.co\\\/ens\"],\"url\":\"https:\\\/\\\/ensst.edu.co\\\/ens\\\/author\\\/ensstedu\\\/\"}]}<\/script>\n<!-- \/ Yoast SEO Premium plugin. -->","yoast_head_json":{"title":"CRONOGRAMA DE ACTIVIDADES JARD\u00cdN INFANTIL - ESCUELA NORMAL SUPERIOR SANTIAGO DE TUNJA","description":"Como es bien sabido por todos, la Presidencia de la Rep\u00fablica ha tomado la decisi\u00f3n de prolongar hasta el pr\u00f3ximo 31 de julio el periodo de educaci\u00f3n...","robots":{"index":"index","follow":"follow","max-snippet":"max-snippet:-1","max-image-preview":"max-image-preview:large","max-video-preview":"max-video-preview:-1"},"canonical":"https:\/\/ensst.edu.co\/ens\/2020\/06\/25\/cronograma-de-actividades-jardin-infantil\/","og_locale":"es_ES","og_type":"article","og_title":"CRONOGRAMA DE ACTIVIDADES JARD\u00cdN INFANTIL","og_description":"Como es bien sabido por todos, la Presidencia de la Rep\u00fablica ha tomado la decisi\u00f3n de prolongar hasta el pr\u00f3ximo 31 de julio el periodo de educaci\u00f3n...","og_url":"https:\/\/ensst.edu.co\/ens\/2020\/06\/25\/cronograma-de-actividades-jardin-infantil\/","og_site_name":"ESCUELA NORMAL SUPERIOR SANTIAGO DE TUNJA","article_published_time":"2020-06-25T15:00:00+00:00","article_modified_time":"2023-07-26T21:48:58+00:00","og_image":[{"width":538,"height":306,"url":"https:\/\/ensst.edu.co\/ens\/wp-content\/uploads\/2020\/06\/Cronograma-jardin-infantil-min.png","type":"image\/png"}],"author":"ensstedu","twitter_card":"summary_large_image","twitter_misc":{"Escrito por":"ensstedu","Tiempo de lectura":"4 minutos"},"schema":{"@context":"https:\/\/schema.org","@graph":[{"@type":"Article","@id":"https:\/\/ensst.edu.co\/ens\/2020\/06\/25\/cronograma-de-actividades-jardin-infantil\/#article","isPartOf":{"@id":"https:\/\/ensst.edu.co\/ens\/2020\/06\/25\/cronograma-de-actividades-jardin-infantil\/"},"author":{"name":"ensstedu","@id":"https:\/\/ensst.edu.co\/ens\/#\/schema\/person\/8d2641fc7ac8d6c94185f26ebd409116"},"headline":"CRONOGRAMA DE ACTIVIDADES JARD\u00cdN INFANTIL","datePublished":"2020-06-25T15:00:00+00:00","dateModified":"2023-07-26T21:48:58+00:00","mainEntityOfPage":{"@id":"https:\/\/ensst.edu.co\/ens\/2020\/06\/25\/cronograma-de-actividades-jardin-infantil\/"},"wordCount":781,"publisher":{"@id":"https:\/\/ensst.edu.co\/ens\/#organization"},"image":{"@id":"https:\/\/ensst.edu.co\/ens\/2020\/06\/25\/cronograma-de-actividades-jardin-infantil\/#primaryimage"},"thumbnailUrl":"https:\/\/ensst.edu.co\/ens\/wp-content\/uploads\/2020\/06\/Cronograma-jardin-infantil-min.png","articleSection":["CRONOGRAMA"],"inLanguage":"es"},{"@type":"WebPage","@id":"https:\/\/ensst.edu.co\/ens\/2020\/06\/25\/cronograma-de-actividades-jardin-infantil\/","url":"https:\/\/ensst.edu.co\/ens\/2020\/06\/25\/cronograma-de-actividades-jardin-infantil\/","name":"CRONOGRAMA DE ACTIVIDADES JARD\u00cdN INFANTIL - ESCUELA NORMAL SUPERIOR SANTIAGO DE TUNJA","isPartOf":{"@id":"https:\/\/ensst.edu.co\/ens\/#website"},"primaryImageOfPage":{"@id":"https:\/\/ensst.edu.co\/ens\/2020\/06\/25\/cronograma-de-actividades-jardin-infantil\/#primaryimage"},"image":{"@id":"https:\/\/ensst.edu.co\/ens\/2020\/06\/25\/cronograma-de-actividades-jardin-infantil\/#primaryimage"},"thumbnailUrl":"https:\/\/ensst.edu.co\/ens\/wp-content\/uploads\/2020\/06\/Cronograma-jardin-infantil-min.png","datePublished":"2020-06-25T15:00:00+00:00","dateModified":"2023-07-26T21:48:58+00:00","description":"Como es bien sabido por todos, la Presidencia de la Rep\u00fablica ha tomado la decisi\u00f3n de prolongar hasta el pr\u00f3ximo 31 de julio el periodo de educaci\u00f3n...","breadcrumb":{"@id":"https:\/\/ensst.edu.co\/ens\/2020\/06\/25\/cronograma-de-actividades-jardin-infantil\/#breadcrumb"},"inLanguage":"es","potentialAction":[{"@type":"ReadAction","target":["https:\/\/ensst.edu.co\/ens\/2020\/06\/25\/cronograma-de-actividades-jardin-infantil\/"]}]},{"@type":"ImageObject","inLanguage":"es","@id":"https:\/\/ensst.edu.co\/ens\/2020\/06\/25\/cronograma-de-actividades-jardin-infantil\/#primaryimage","url":"https:\/\/ensst.edu.co\/ens\/wp-content\/uploads\/2020\/06\/Cronograma-jardin-infantil-min.png","contentUrl":"https:\/\/ensst.edu.co\/ens\/wp-content\/uploads\/2020\/06\/Cronograma-jardin-infantil-min.png","width":538,"height":306},{"@type":"BreadcrumbList","@id":"https:\/\/ensst.edu.co\/ens\/2020\/06\/25\/cronograma-de-actividades-jardin-infantil\/#breadcrumb","itemListElement":[{"@type":"ListItem","position":1,"name":"Portada","item":"https:\/\/ensst.edu.co\/ens\/"},{"@type":"ListItem","position":2,"name":"CRONOGRAMA DE ACTIVIDADES JARD\u00cdN INFANTIL"}]},{"@type":"WebSite","@id":"https:\/\/ensst.edu.co\/ens\/#website","url":"https:\/\/ensst.edu.co\/ens\/","name":"ESCUELA NORMAL SUPERIOR SANTIAGO DE TUNJA","description":"TUNJA - BOYAC\u00c1","publisher":{"@id":"https:\/\/ensst.edu.co\/ens\/#organization"},"potentialAction":[{"@type":"SearchAction","target":{"@type":"EntryPoint","urlTemplate":"https:\/\/ensst.edu.co\/ens\/?s={search_term_string}"},"query-input":{"@type":"PropertyValueSpecification","valueRequired":true,"valueName":"search_term_string"}}],"inLanguage":"es"},{"@type":"Organization","@id":"https:\/\/ensst.edu.co\/ens\/#organization","name":"ESCUELA NORMAL SUPERIOR SANTIAGO DE TUNJA","url":"https:\/\/ensst.edu.co\/ens\/","logo":{"@type":"ImageObject","inLanguage":"es","@id":"https:\/\/ensst.edu.co\/ens\/#\/schema\/logo\/image\/","url":"https:\/\/ensst.edu.co\/ens\/wp-content\/uploads\/2020\/05\/cropped-Escudo-1.png","contentUrl":"https:\/\/ensst.edu.co\/ens\/wp-content\/uploads\/2020\/05\/cropped-Escudo-1.png","width":512,"height":512,"caption":"ESCUELA NORMAL SUPERIOR SANTIAGO DE TUNJA"},"image":{"@id":"https:\/\/ensst.edu.co\/ens\/#\/schema\/logo\/image\/"}},{"@type":"Person","@id":"https:\/\/ensst.edu.co\/ens\/#\/schema\/person\/8d2641fc7ac8d6c94185f26ebd409116","name":"ensstedu","image":{"@type":"ImageObject","inLanguage":"es","@id":"https:\/\/secure.gravatar.com\/avatar\/e749275d06ff58ffd0d716ba1502b0092da49d07e52fc6801cf7d095f41ca27e?s=96&d=mm&r=g","url":"https:\/\/secure.gravatar.com\/avatar\/e749275d06ff58ffd0d716ba1502b0092da49d07e52fc6801cf7d095f41ca27e?s=96&d=mm&r=g","contentUrl":"https:\/\/secure.gravatar.com\/avatar\/e749275d06ff58ffd0d716ba1502b0092da49d07e52fc6801cf7d095f41ca27e?s=96&d=mm&r=g","caption":"ensstedu"},"sameAs":["https:\/\/ensst.edu.co\/ens"],"url":"https:\/\/ensst.edu.co\/ens\/author\/ensstedu\/"}]}},"_links":{"self":[{"href":"https:\/\/ensst.edu.co\/ens\/wp-json\/wp\/v2\/posts\/1960","targetHints":{"allow":["GET"]}}],"collection":[{"href":"https:\/\/ensst.edu.co\/ens\/wp-json\/wp\/v2\/posts"}],"about":[{"href":"https:\/\/ensst.edu.co\/ens\/wp-json\/wp\/v2\/types\/post"}],"author":[{"embeddable":true,"href":"https:\/\/ensst.edu.co\/ens\/wp-json\/wp\/v2\/users\/1"}],"replies":[{"embeddable":true,"href":"https:\/\/ensst.edu.co\/ens\/wp-json\/wp\/v2\/comments?post=1960"}],"version-history":[{"count":18,"href":"https:\/\/ensst.edu.co\/ens\/wp-json\/wp\/v2\/posts\/1960\/revisions"}],"predecessor-version":[{"id":4856,"href":"https:\/\/ensst.edu.co\/ens\/wp-json\/wp\/v2\/posts\/1960\/revisions\/4856"}],"wp:featuredmedia":[{"embeddable":true,"href":"https:\/\/ensst.edu.co\/ens\/wp-json\/wp\/v2\/media\/2027"}],"wp:attachment":[{"href":"https:\/\/ensst.edu.co\/ens\/wp-json\/wp\/v2\/media?parent=1960"}],"wp:term":[{"taxonomy":"category","embeddable":true,"href":"https:\/\/ensst.edu.co\/ens\/wp-json\/wp\/v2\/categories?post=1960"},{"taxonomy":"post_tag","embeddable":true,"href":"https:\/\/ensst.edu.co\/ens\/wp-json\/wp\/v2\/tags?post=1960"}],"curies":[{"name":"wp","href":"https:\/\/api.w.org\/{rel}","templated":true}]}}