{"id":10361,"date":"2026-04-29T12:11:03","date_gmt":"2026-04-29T17:11:03","guid":{"rendered":"https:\/\/ensst.edu.co\/ens\/?p=10361"},"modified":"2026-04-29T12:20:04","modified_gmt":"2026-04-29T17:20:04","slug":"comunicado29-de-abril-de-2026-ajuste-de-horarios-para-el-jueves-30-de-abril","status":"publish","type":"post","link":"https:\/\/ensst.edu.co\/ens\/2026\/04\/29\/comunicado29-de-abril-de-2026-ajuste-de-horarios-para-el-jueves-30-de-abril\/","title":{"rendered":"COMUNICADO(29 de abril de 2026) &#8211; AJUSTE DE HORARIOS PARA EL JUEVES 30 DE ABRIL"},"content":{"rendered":"\t\t<div data-elementor-type=\"wp-post\" data-elementor-id=\"10361\" class=\"elementor elementor-10361\" data-elementor-post-type=\"post\">\n\t\t\t\t<div class=\"elementor-element elementor-element-b661a41 e-flex e-con-boxed e-con e-parent\" data-id=\"b661a41\" data-element_type=\"container\" data-e-type=\"container\">\n\t\t\t\t\t<div class=\"e-con-inner\">\n\t\t\t\t<div class=\"elementor-element elementor-element-d2b3770 elementor-widget elementor-widget-html\" data-id=\"d2b3770\" data-element_type=\"widget\" data-e-type=\"widget\" data-widget_type=\"html.default\">\n\t\t\t\t<div class=\"elementor-widget-container\">\n\t\t\t\t\t<!DOCTYPE html>\n<html lang=\"es\">\n<head>\n<meta charset=\"UTF-8\">\n<meta name=\"viewport\" content=\"width=device-width, initial-scale=1.0\">\n<title>Comunicado \u00b7 29 de Abril de 2026 \u00b7 ENSST<\/title>\n<link href=\"https:\/\/fonts.googleapis.com\/css2?family=Montserrat:wght@300;400;500;600;700;800;900&display=swap\" rel=\"stylesheet\">\n<style>\n\n*, *::before, *::after { margin: 0; padding: 0; box-sizing: border-box; }\n\n:root {\n  --azul:        #0277e7;\n  --azul-dark:   #0d2a52;\n  --azul-mid:    #1a4a8a;\n  --azul-light:  #ddeeff;\n  --rojo:        #ce3c3b;\n  --rojo-light:  #fdeaea;\n  --ambar:       #d97706;\n  --ambar-light: #fffbeb;\n  --verde:       #059669;\n  --verde-light: #ecfdf5;\n  --blanco:      #ffffff;\n  --crema:       #f5f7fa;\n  --gris:        #64748b;\n  --oscuro:      #0f172a;\n  --borde:       #e2e8f0;\n}\n\nhtml { scroll-behavior: smooth; }\n\nbody {\n  font-family: 'Montserrat', sans-serif;\n  background: var(--crema);\n  min-height: 100vh;\n  display: flex;\n  align-items: flex-start;\n  justify-content: center;\n  padding: 48px 20px 64px;\n}\n\n.c-page { width: 100%; max-width: 760px; }\n\n\/* \u2500\u2500 Membrete \u2500\u2500 *\/\n.c-membrete {\n  text-align: center;\n  margin-bottom: 36px;\n  animation: fadeDown 0.6s both;\n}\n\n@keyframes fadeDown {\n  from { opacity: 0; transform: translateY(-10px); }\n  to   { opacity: 1; transform: translateY(0); }\n}\n\n.c-escudo {\n  width: 58px; height: auto;\n  margin: 0 auto 12px; display: block;\n}\n\n.c-inst-nombre {\n  font-size: 11.5px; font-weight: 500;\n  letter-spacing: 0.3px; color: var(--gris);\n  line-height: 1.9; text-transform: uppercase;\n}\n\n\/* \u2500\u2500 Tarjeta principal \u2500\u2500 *\/\n.c-card {\n  background: var(--blanco);\n  border-radius: 20px;\n  overflow: hidden;\n  box-shadow:\n    0 1px 3px rgba(0,0,0,0.06),\n    0 8px 32px rgba(13,42,82,0.10),\n    0 24px 64px rgba(13,42,82,0.06);\n  animation: fadeUp 0.7s 0.1s both;\n}\n\n@keyframes fadeUp {\n  from { opacity: 0; transform: translateY(18px); }\n  to   { opacity: 1; transform: translateY(0); }\n}\n\n\/* \u2500\u2500 Barra tricolor \u2500\u2500 *\/\n.c-tricolor {\n  display: flex; height: 6px;\n}\n.c-tricolor span:nth-child(1) { flex: 1; background: var(--azul); }\n.c-tricolor span:nth-child(2) { flex: 1; background: var(--blanco); border-top: 1px solid #e2e8f0; border-bottom: 1px solid #e2e8f0; }\n.c-tricolor span:nth-child(3) { flex: 1; background: var(--rojo); }\n\n\/* \u2500\u2500 Header oscuro \u2500\u2500 *\/\n.c-header {\n  background: var(--azul-dark);\n  padding: 48px 52px 42px;\n  position: relative;\n  overflow: hidden;\n}\n\n\/* Patr\u00f3n geom\u00e9trico sutil al fondo *\/\n.c-header::before {\n  content: 'COMUNICADO';\n  position: absolute;\n  top: 50%; left: 50%;\n  transform: translate(-50%, -50%);\n  font-size: 110px; font-weight: 900;\n  letter-spacing: -4px;\n  color: rgba(255,255,255,0.035);\n  white-space: nowrap;\n  pointer-events: none;\n  user-select: none;\n}\n\n.c-header::after {\n  content: '';\n  position: absolute;\n  top: -80px; right: -80px;\n  width: 300px; height: 300px;\n  border-radius: 50%;\n  background: radial-gradient(circle, rgba(2,119,231,0.18) 0%, transparent 65%);\n  pointer-events: none;\n}\n\n.c-header-inner { position: relative; z-index: 1; }\n\n.c-tipo-badge {\n  display: inline-flex; align-items: center; gap: 8px;\n  background: rgba(255,255,255,0.1);\n  border: 1px solid rgba(255,255,255,0.15);\n  border-radius: 6px;\n  padding: 5px 14px;\n  font-size: 10px; font-weight: 700;\n  letter-spacing: 3px; text-transform: uppercase;\n  color: rgba(255,255,255,0.75);\n  margin-bottom: 18px;\n}\n\n.c-tipo-dot {\n  width: 5px; height: 5px; border-radius: 50%;\n  background: var(--rojo); flex-shrink: 0;\n}\n\n.c-header-titulo {\n  font-size: clamp(42px, 7vw, 68px);\n  font-weight: 900;\n  line-height: 0.92;\n  color: var(--blanco);\n  letter-spacing: -2px;\n  margin-bottom: 16px;\n}\n\n.c-header-fecha {\n  font-size: 13px; font-weight: 500;\n  color: rgba(255,255,255,0.5);\n  letter-spacing: 1px;\n}\n\n\/* \u2500\u2500 Metadatos \u2500\u2500 *\/\n.c-meta { padding: 0 52px; }\n\n.c-meta-row {\n  display: flex; align-items: flex-start; gap: 20px;\n  padding: 15px 0;\n  border-bottom: 1px solid var(--borde);\n}\n\n.c-meta-row:last-child { border-bottom: none; }\n\n.c-meta-label {\n  font-size: 9px; font-weight: 800;\n  letter-spacing: 2.5px; text-transform: uppercase;\n  color: var(--azul);\n  min-width: 64px; flex-shrink: 0;\n  padding-top: 3px;\n  background: var(--azul-light);\n  border-radius: 4px;\n  padding: 4px 8px;\n  text-align: center;\n}\n\n.c-meta-valor {\n  font-size: 13.5px; font-weight: 500;\n  color: var(--oscuro); line-height: 1.6;\n}\n\n\/* Cursos como chips en el \"PARA\" *\/\n.c-cursos-chips {\n  display: flex; flex-wrap: wrap; gap: 6px;\n  margin-top: 2px;\n}\n\n.c-chip-curso {\n  display: inline-block;\n  background: var(--azul-light);\n  color: var(--azul-mid);\n  font-size: 11px; font-weight: 700;\n  padding: 3px 9px;\n  border-radius: 100px;\n  letter-spacing: 0.3px;\n}\n\n\/* \u2500\u2500 Asunto destacado \u2500\u2500 *\/\n.c-asunto {\n  margin: 0 52px;\n  padding: 16px 20px;\n  background: linear-gradient(135deg, var(--azul-dark) 0%, var(--azul-mid) 100%);\n  border-radius: 12px;\n  display: flex; align-items: center; gap: 14px;\n  margin-top: 20px;\n}\n\n.c-asunto-icon {\n  width: 38px; height: 38px; border-radius: 9px;\n  background: rgba(255,255,255,0.12);\n  display: flex; align-items: center; justify-content: center;\n  flex-shrink: 0;\n}\n\n.c-asunto-icon svg { color: white; }\n\n.c-asunto-label {\n  font-size: 9px; font-weight: 800;\n  letter-spacing: 2.5px; text-transform: uppercase;\n  color: rgba(255,255,255,0.6);\n  display: block; margin-bottom: 4px;\n}\n\n.c-asunto-texto {\n  font-size: 13px; font-weight: 700;\n  color: var(--blanco); line-height: 1.4;\n  letter-spacing: 0.1px;\n}\n\n\/* \u2500\u2500 Cuerpo \u2500\u2500 *\/\n.c-body { padding: 36px 52px; }\n\n.c-parrafo {\n  font-size: 14.5px; font-weight: 400;\n  color: #374151; line-height: 1.85;\n  text-align: justify;\n  margin-bottom: 28px;\n}\n\n.c-parrafo strong { color: var(--oscuro); font-weight: 700; }\n\n\/* \u2500\u2500 Secci\u00f3n ajustes \u2500\u2500 *\/\n.c-seccion-header {\n  display: flex; align-items: center; gap: 12px;\n  margin-bottom: 16px;\n}\n\n.c-seccion-badge {\n  font-size: 9px; font-weight: 800;\n  letter-spacing: 2.5px; text-transform: uppercase;\n  color: var(--blanco);\n  background: var(--azul-dark);\n  padding: 5px 12px; border-radius: 5px;\n  white-space: nowrap;\n}\n\n.c-seccion-line { flex: 1; height: 1px; background: var(--borde); }\n\n\/* \u2500\u2500 Cards de ajuste \u2500\u2500 *\/\n.c-ajustes { display: flex; flex-direction: column; gap: 10px; margin-bottom: 28px; }\n\n.c-ajuste-card {\n  display: flex; align-items: stretch;\n  border-radius: 12px; overflow: hidden;\n  border: 1px solid transparent;\n  transition: transform 0.18s ease, box-shadow 0.18s ease;\n}\n\n.c-ajuste-card:hover {\n  transform: translateX(4px);\n  box-shadow: 0 4px 16px rgba(0,0,0,0.07);\n}\n\n\/* Tipos de ajuste *\/\n.c-ajuste-card--a {\n  background: var(--ambar-light);\n  border-color: #fde68a;\n}\n.c-ajuste-card--b {\n  background: #fffbeb;\n  border-color: #fed7aa;\n}\n.c-ajuste-card--c {\n  background: #eff6ff;\n  border-color: #bfdbfe;\n}\n.c-ajuste-card--no {\n  background: var(--rojo-light);\n  border-color: #fecaca;\n}\n\n\/* Franja lateral de color *\/\n.c-ajuste-stripe {\n  width: 5px; flex-shrink: 0;\n}\n.c-ajuste-card--a .c-ajuste-stripe  { background: var(--ambar); }\n.c-ajuste-card--b .c-ajuste-stripe  { background: #f97316; }\n.c-ajuste-card--c .c-ajuste-stripe  { background: var(--azul); }\n.c-ajuste-card--no .c-ajuste-stripe { background: var(--rojo); }\n\n.c-ajuste-inner {\n  display: flex; align-items: center;\n  gap: 16px; padding: 16px 18px; flex: 1;\n}\n\n\/* Icono *\/\n.c-ajuste-icon {\n  width: 36px; height: 36px; border-radius: 9px;\n  display: flex; align-items: center; justify-content: center;\n  flex-shrink: 0;\n}\n\n.c-ajuste-card--a  .c-ajuste-icon { background: var(--ambar);   }\n.c-ajuste-card--b  .c-ajuste-icon { background: #f97316;        }\n.c-ajuste-card--c  .c-ajuste-icon { background: var(--azul);    }\n.c-ajuste-card--no .c-ajuste-icon { background: var(--rojo);    }\n\n.c-ajuste-icon svg { color: white; }\n\n\/* Chips de cursos *\/\n.c-ajuste-cursos {\n  display: flex; flex-wrap: wrap; gap: 5px;\n  flex: 1; min-width: 0;\n}\n\n.c-chip-c {\n  font-size: 11.5px; font-weight: 700;\n  padding: 4px 10px; border-radius: 100px;\n  white-space: nowrap; letter-spacing: 0.2px;\n}\n\n.c-ajuste-card--a  .c-chip-c { background: rgba(217,119,6,0.15); color: #92400e; }\n.c-ajuste-card--b  .c-chip-c { background: rgba(249,115,22,0.15); color: #7c2d12; }\n.c-ajuste-card--c  .c-chip-c { background: rgba(2,119,231,0.12);  color: var(--azul-mid); }\n.c-ajuste-card--no .c-chip-c { background: rgba(206,60,59,0.12);  color: #991b1b; }\n\n\/* Divider vertical *\/\n.c-ajuste-divider {\n  width: 1px;\n  background: rgba(0,0,0,0.07);\n  margin: 6px 0;\n  flex-shrink: 0;\n}\n\n\/* Descripci\u00f3n del ajuste *\/\n.c-ajuste-desc {\n  padding-left: 16px;\n  min-width: 180px; max-width: 260px;\n}\n\n.c-ajuste-desc-label {\n  font-size: 9px; font-weight: 800;\n  letter-spacing: 2px; text-transform: uppercase;\n  margin-bottom: 4px; display: block;\n}\n\n.c-ajuste-card--a  .c-ajuste-desc-label { color: var(--ambar); }\n.c-ajuste-card--b  .c-ajuste-desc-label { color: #f97316; }\n.c-ajuste-card--c  .c-ajuste-desc-label { color: var(--azul); }\n.c-ajuste-card--no .c-ajuste-desc-label { color: var(--rojo); }\n\n.c-ajuste-desc-texto {\n  font-size: 13px; font-weight: 600;\n  line-height: 1.45;\n}\n\n.c-ajuste-card--a  .c-ajuste-desc-texto { color: #78350f; }\n.c-ajuste-card--b  .c-ajuste-desc-texto { color: #7c2d12; }\n.c-ajuste-card--c  .c-ajuste-desc-texto { color: var(--azul-dark); }\n.c-ajuste-card--no .c-ajuste-desc-texto { color: #7f1d1d; font-weight: 800; letter-spacing: 0.5px; }\n\n\/* \u2500\u2500 Cierre \u2500\u2500 *\/\n.c-cierre {\n  display: flex; align-items: flex-start; gap: 12px;\n  background: #f8fafc;\n  border: 1px solid var(--borde);\n  border-radius: 12px;\n  padding: 18px 20px;\n  margin-bottom: 28px;\n}\n\n.c-cierre-icon {\n  width: 32px; height: 32px; border-radius: 8px;\n  background: var(--azul-dark);\n  display: flex; align-items: center; justify-content: center;\n  flex-shrink: 0; margin-top: 1px;\n}\n\n.c-cierre-icon svg { color: white; }\n\n.c-cierre-texto {\n  font-size: 14px; font-weight: 400;\n  color: #374151; line-height: 1.75;\n  text-align: justify;\n}\n\n\/* \u2500\u2500 Bot\u00f3n descarga \u2500\u2500 *\/\n.c-btn-wrap { margin-bottom: 0; }\n\n.c-btn {\n  display: inline-flex; align-items: center; justify-content: center;\n  gap: 10px; width: 100%;\n  padding: 15px 24px; border-radius: 12px;\n  background: linear-gradient(135deg, var(--azul) 0%, var(--azul-mid) 100%);\n  color: var(--blanco);\n  font-family: 'Montserrat', sans-serif;\n  font-size: 13px; font-weight: 700;\n  letter-spacing: 0.5px; text-decoration: none;\n  box-shadow: 0 4px 20px rgba(2,119,231,0.3);\n  transition: opacity 0.2s, transform 0.2s;\n}\n\n.c-btn:hover { opacity: 0.9; transform: translateY(-1px); }\n\n\/* \u2500\u2500 Firma \u2500\u2500 *\/\n.c-firma {\n  padding: 32px 52px 44px;\n  display: flex; align-items: center; gap: 20px;\n}\n\n.c-firma-line {\n  flex: 1; height: 1px;\n  background: linear-gradient(90deg, transparent, var(--borde));\n}\n\n.c-firma-center { text-align: center; }\n\n.c-firma-nombre {\n  font-size: 16px; font-weight: 800;\n  color: var(--azul-dark); letter-spacing: 0.3px;\n  margin-bottom: 4px;\n}\n\n.c-firma-cargo {\n  font-size: 10px; font-weight: 700;\n  letter-spacing: 3px; text-transform: uppercase;\n  color: var(--azul);\n}\n\n.c-firma-line-r {\n  flex: 1; height: 1px;\n  background: linear-gradient(90deg, var(--borde), transparent);\n}\n\n\/* \u2500\u2500 Pie \u2500\u2500 *\/\n.c-pie {\n  text-align: center; margin-top: 24px;\n  font-size: 11px; font-weight: 500;\n  color: #94a3b8; letter-spacing: 0.5px;\n  animation: fadeUp 0.8s 0.4s both;\n}\n\n\/* \u2500\u2500 Responsive \u2500\u2500 *\/\n@media (max-width: 620px) {\n  body { padding: 24px 12px 40px; }\n  .c-header { padding: 36px 24px 32px; }\n  .c-header::before { font-size: 70px; }\n  .c-meta { padding: 0 24px; }\n  .c-asunto { margin: 16px 24px 0; }\n  .c-body { padding: 28px 24px; }\n  .c-firma { padding: 24px 24px 36px; }\n}\n\n@media (max-width: 500px) {\n  .c-ajuste-inner { flex-wrap: wrap; gap: 10px; }\n  .c-ajuste-divider { display: none; }\n  .c-ajuste-desc { padding-left: 0; min-width: unset; max-width: unset; border-top: 1px solid rgba(0,0,0,0.06); padding-top: 10px; margin-top: 4px; }\n}\n<\/style>\n<\/head>\n<body>\n\n<div class=\"c-page\">\n\n  <!-- Membrete -->\n  <div class=\"c-membrete\">\n    <img decoding=\"async\" class=\"c-escudo\"\n      src=\"https:\/\/ensst.edu.co\/ens\/wp-content\/uploads\/2020\/05\/cropped-Escudo-1.png\"\n      alt=\"Escudo ENSST\"\n      onerror=\"this.style.display='none'\"\/>\n    <p class=\"c-inst-nombre\">\n      Alcald\u00eda Mayor de Tunja &nbsp;\u00b7&nbsp;\n      Secretar\u00eda de Educaci\u00f3n Territorial &nbsp;\u00b7&nbsp;\n      Escuela Normal Superior Santiago de Tunja\n    <\/p>\n  <\/div>\n\n  <div class=\"c-card\">\n\n    <!-- Tricolor top -->\n    <div class=\"c-tricolor\">\n      <span><\/span><span><\/span><span><\/span>\n    <\/div>\n\n    <!-- Header -->\n    <div class=\"c-header\">\n      <div class=\"c-header-inner\">\n        <div class=\"c-tipo-badge\">\n          <span class=\"c-tipo-dot\"><\/span>\n          ENSST 2026\n        <\/div>\n        <h1 class=\"c-header-titulo\">COMUNI&shy;CADO<\/h1>\n        <p class=\"c-header-fecha\">29 de abril de 2026<\/p>\n      <\/div>\n    <\/div>\n\n    <!-- Metadatos -->\n    <div class=\"c-meta\">\n\n      <div class=\"c-meta-row\">\n        <span class=\"c-meta-label\">DE<\/span>\n        <span class=\"c-meta-valor\">Rector\u00eda<\/span>\n      <\/div>\n\n      <div class=\"c-meta-row\">\n        <span class=\"c-meta-label\">PARA<\/span>\n        <div>\n          <p class=\"c-meta-valor\" style=\"margin-bottom:10px;\">Padres de familia y acudientes de los cursos:<\/p>\n          <div class=\"c-cursos-chips\">\n            <span class=\"c-chip-curso\">3-3<\/span>\n            <span class=\"c-chip-curso\">9-3<\/span>\n            <span class=\"c-chip-curso\">9-7<\/span>\n            <span class=\"c-chip-curso\">9-8<\/span>\n            <span class=\"c-chip-curso\">9-9<\/span>\n            <span class=\"c-chip-curso\">10-2<\/span>\n            <span class=\"c-chip-curso\">10-4<\/span>\n            <span class=\"c-chip-curso\">10-6<\/span>\n            <span class=\"c-chip-curso\">10-8<\/span>\n            <span class=\"c-chip-curso\">11-1<\/span>\n            <span class=\"c-chip-curso\">11-3<\/span>\n            <span class=\"c-chip-curso\">11-4<\/span>\n            <span class=\"c-chip-curso\">11-6<\/span>\n          <\/div>\n        <\/div>\n      <\/div>\n\n    <\/div>\n\n    <!-- Asunto -->\n    <div class=\"c-asunto\">\n      <div class=\"c-asunto-icon\">\n        <svg width=\"18\" height=\"18\" viewBox=\"0 0 24 24\" fill=\"none\" stroke=\"currentColor\" stroke-width=\"2.2\" stroke-linecap=\"round\" stroke-linejoin=\"round\">\n          <path d=\"M14 2H6a2 2 0 0 0-2 2v16a2 2 0 0 0 2 2h12a2 2 0 0 0 2-2V8z\"\/>\n          <polyline points=\"14 2 14 8 20 8\"\/>\n          <line x1=\"16\" y1=\"13\" x2=\"8\" y2=\"13\"\/>\n          <line x1=\"16\" y1=\"17\" x2=\"8\" y2=\"17\"\/>\n          <polyline points=\"10 9 9 9 8 9\"\/>\n        <\/svg>\n      <\/div>\n      <div>\n        <span class=\"c-asunto-label\">Asunto<\/span>\n        <span class=\"c-asunto-texto\">Ajuste de horarios para el jueves 30 de abril<\/span>\n      <\/div>\n    <\/div>\n\n    <!-- Cuerpo -->\n    <div class=\"c-body\">\n\n      <p class=\"c-parrafo\">\n        Estimados acudientes y estudiantes, me permito informar los siguientes ajustes al horario de los cursos relacionados para el d\u00eda <strong>jueves 30 de abril<\/strong>. Lo anterior obedece al acompa\u00f1amiento que deben hacer docentes a los estudiantes que van a asistir a la <strong>Feria Internacional del Libro<\/strong>, as\u00ed como a la participaci\u00f3n de otros en actividades programadas por la Secretar\u00eda de Educaci\u00f3n Territorial de Tunja.\n      <\/p>\n\n      <!-- Tabla de ajustes -->\n      <div class=\"c-seccion-header\">\n        <span class=\"c-seccion-badge\">Ajustes por curso<\/span>\n        <div class=\"c-seccion-line\"><\/div>\n      <\/div>\n\n      <div class=\"c-ajustes\">\n\n        <!-- Fila A: 9-3, 9-7, 11-3, 11-4 \u2192 10:25 a.m. -->\n        <div class=\"c-ajuste-card c-ajuste-card--a\">\n          <div class=\"c-ajuste-stripe\"><\/div>\n          <div class=\"c-ajuste-inner\">\n            <div class=\"c-ajuste-icon\">\n              <svg width=\"16\" height=\"16\" viewBox=\"0 0 24 24\" fill=\"none\" stroke=\"currentColor\" stroke-width=\"2.5\" stroke-linecap=\"round\" stroke-linejoin=\"round\">\n                <circle cx=\"12\" cy=\"12\" r=\"10\"\/>\n                <polyline points=\"12 6 12 12 16 14\"\/>\n              <\/svg>\n            <\/div>\n            <div class=\"c-ajuste-cursos\">\n              <span class=\"c-chip-c\">9-3<\/span>\n              <span class=\"c-chip-c\">9-7<\/span>\n              <span class=\"c-chip-c\">11-3<\/span>\n              <span class=\"c-chip-c\">11-4<\/span>\n            <\/div>\n            <div class=\"c-ajuste-divider\"><\/div>\n            <div class=\"c-ajuste-desc\">\n              <span class=\"c-ajuste-desc-label\">Ajuste<\/span>\n              <p class=\"c-ajuste-desc-texto\">Inician con normalidad \u00b7 finalizan a las <strong>10:25 a.m.<\/strong><\/p>\n            <\/div>\n          <\/div>\n        <\/div>\n\n        <!-- Fila B: 10-2 \u2192 11:20 a.m. -->\n        <div class=\"c-ajuste-card c-ajuste-card--b\">\n          <div class=\"c-ajuste-stripe\"><\/div>\n          <div class=\"c-ajuste-inner\">\n            <div class=\"c-ajuste-icon\">\n              <svg width=\"16\" height=\"16\" viewBox=\"0 0 24 24\" fill=\"none\" stroke=\"currentColor\" stroke-width=\"2.5\" stroke-linecap=\"round\" stroke-linejoin=\"round\">\n                <circle cx=\"12\" cy=\"12\" r=\"10\"\/>\n                <polyline points=\"12 6 12 12 16 14\"\/>\n              <\/svg>\n            <\/div>\n            <div class=\"c-ajuste-cursos\">\n              <span class=\"c-chip-c\">10-2<\/span>\n            <\/div>\n            <div class=\"c-ajuste-divider\"><\/div>\n            <div class=\"c-ajuste-desc\">\n              <span class=\"c-ajuste-desc-label\">Ajuste<\/span>\n              <p class=\"c-ajuste-desc-texto\">Inician con normalidad \u00b7 finalizan a las <strong>11:20 a.m.<\/strong><\/p>\n            <\/div>\n          <\/div>\n        <\/div>\n\n        <!-- Fila C: 11-1 \u2192 7:00 a.m. \/ 11:20 a.m. -->\n        <div class=\"c-ajuste-card c-ajuste-card--c\">\n          <div class=\"c-ajuste-stripe\"><\/div>\n          <div class=\"c-ajuste-inner\">\n            <div class=\"c-ajuste-icon\">\n              <svg width=\"16\" height=\"16\" viewBox=\"0 0 24 24\" fill=\"none\" stroke=\"currentColor\" stroke-width=\"2.5\" stroke-linecap=\"round\" stroke-linejoin=\"round\">\n                <circle cx=\"12\" cy=\"12\" r=\"10\"\/>\n                <polyline points=\"12 6 12 12 16 14\"\/>\n              <\/svg>\n            <\/div>\n            <div class=\"c-ajuste-cursos\">\n              <span class=\"c-chip-c\">11-1<\/span>\n            <\/div>\n            <div class=\"c-ajuste-divider\"><\/div>\n            <div class=\"c-ajuste-desc\">\n              <span class=\"c-ajuste-desc-label\">Ajuste<\/span>\n              <p class=\"c-ajuste-desc-texto\">Inician a las <strong>7:00 a.m.<\/strong> \u00b7 finalizan a las <strong>11:20 a.m.<\/strong><\/p>\n            <\/div>\n          <\/div>\n        <\/div>\n\n        <!-- Fila NO: 3-3, 9-8, 9-9, 10-4, 10-6, 10-8, 11-6 \u2192 NO ASISTEN -->\n        <div class=\"c-ajuste-card c-ajuste-card--no\">\n          <div class=\"c-ajuste-stripe\"><\/div>\n          <div class=\"c-ajuste-inner\">\n            <div class=\"c-ajuste-icon\">\n              <svg width=\"16\" height=\"16\" viewBox=\"0 0 24 24\" fill=\"none\" stroke=\"currentColor\" stroke-width=\"2.5\" stroke-linecap=\"round\" stroke-linejoin=\"round\">\n                <circle cx=\"12\" cy=\"12\" r=\"10\"\/>\n                <line x1=\"15\" y1=\"9\" x2=\"9\" y2=\"15\"\/>\n                <line x1=\"9\" y1=\"9\" x2=\"15\" y2=\"15\"\/>\n              <\/svg>\n            <\/div>\n            <div class=\"c-ajuste-cursos\">\n              <span class=\"c-chip-c\">3-3<\/span>\n              <span class=\"c-chip-c\">9-8<\/span>\n              <span class=\"c-chip-c\">9-9<\/span>\n              <span class=\"c-chip-c\">10-4<\/span>\n              <span class=\"c-chip-c\">10-6<\/span>\n              <span class=\"c-chip-c\">10-8<\/span>\n              <span class=\"c-chip-c\">11-6<\/span>\n            <\/div>\n            <div class=\"c-ajuste-divider\"><\/div>\n            <div class=\"c-ajuste-desc\">\n              <span class=\"c-ajuste-desc-label\">Ajuste<\/span>\n              <p class=\"c-ajuste-desc-texto\">NO ASISTEN<\/p>\n            <\/div>\n          <\/div>\n        <\/div>\n\n      <\/div>\n\n      <!-- Cierre -->\n      <div class=\"c-cierre\">\n        <div class=\"c-cierre-icon\">\n          <svg width=\"15\" height=\"15\" viewBox=\"0 0 24 24\" fill=\"none\" stroke=\"currentColor\" stroke-width=\"2.2\" stroke-linecap=\"round\" stroke-linejoin=\"round\">\n            <circle cx=\"12\" cy=\"12\" r=\"10\"\/>\n            <line x1=\"12\" y1=\"8\" x2=\"12\" y2=\"12\"\/>\n            <line x1=\"12\" y1=\"16\" x2=\"12.01\" y2=\"16\"\/>\n          <\/svg>\n        <\/div>\n        <p class=\"c-cierre-texto\">\n          Exhortamos a los acudientes a hacer el respectivo seguimiento en garant\u00eda del bienestar de los menores.\n        <\/p>\n      <\/div>\n\n      <!-- Bot\u00f3n descarga -->\n      <div class=\"c-btn-wrap\">\n        <a\n          href=\"https:\/\/ensst.edu.co\/ens\/wp-content\/uploads\/2026\/04\/COMUNICADO-29-DE-ABRIL-ajuste-de-horarios-FILBO.pdf\"\n          target=\"_blank\"\n          rel=\"noopener\"\n          class=\"c-btn\"\n        >\n          <svg width=\"16\" height=\"16\" viewBox=\"0 0 24 24\" fill=\"none\" stroke=\"currentColor\" stroke-width=\"2.2\" stroke-linecap=\"round\" stroke-linejoin=\"round\">\n            <path d=\"M21 15v4a2 2 0 0 1-2 2H5a2 2 0 0 1-2-2v-4\"\/>\n            <polyline points=\"7 10 12 15 17 10\"\/>\n            <line x1=\"12\" y1=\"15\" x2=\"12\" y2=\"3\"\/>\n          <\/svg>\n          Descargar documento oficial\n        <\/a>\n      <\/div>\n\n    <\/div>\n\n    <!-- Firma -->\n    <div class=\"c-firma\">\n      <div class=\"c-firma-line\"><\/div>\n      <div class=\"c-firma-center\">\n        <p class=\"c-firma-nombre\">Mauricio Fonseca \u00c1lvarez<\/p>\n        <p class=\"c-firma-cargo\">Rector<\/p>\n      <\/div>\n      <div class=\"c-firma-line-r\"><\/div>\n    <\/div>\n\n    <!-- Tricolor bottom -->\n    <div class=\"c-tricolor\">\n      <span><\/span><span><\/span><span><\/span>\n    <\/div>\n\n  <\/div>\n\n  <p class=\"c-pie\">Escuela Normal Superior Santiago de Tunja &nbsp;\u00b7&nbsp; ensst.edu.co<\/p>\n\n<\/div>\n\n<\/body>\n<\/html>\t\t\t\t<\/div>\n\t\t\t\t<\/div>\n\t\t\t\t\t<\/div>\n\t\t\t\t<\/div>\n\t\t\t\t<\/div>\n\t\t","protected":false},"excerpt":{"rendered":"<p>Estimados acudientes y estudiantes, me permito informar los siguientes ajustes al horario de los cursos relacionados para el d\u00eda jueves 30 de abril. <\/p>\n","protected":false},"author":1,"featured_media":9588,"comment_status":"closed","ping_status":"open","sticky":false,"template":"","format":"standard","meta":{"footnotes":""},"categories":[14],"tags":[],"class_list":["post-10361","post","type-post","status-publish","format-standard","has-post-thumbnail","hentry","category-comunicados","entry","has-media"],"yoast_head":"<!-- This site is optimized with the Yoast SEO Premium plugin v26.9 (Yoast SEO v27.4) - https:\/\/yoast.com\/product\/yoast-seo-premium-wordpress\/ -->\n<title>COMUNICADO(29 de abril de 2026) - AJUSTE DE HORARIOS PARA EL JUEVES 30 DE ABRIL - ESCUELA NORMAL SUPERIOR SANTIAGO DE TUNJA<\/title>\n<meta name=\"robots\" content=\"index, follow, max-snippet:-1, max-image-preview:large, max-video-preview:-1\" \/>\n<link rel=\"canonical\" href=\"https:\/\/ensst.edu.co\/ens\/2026\/04\/29\/comunicado29-de-abril-de-2026-ajuste-de-horarios-para-el-jueves-30-de-abril\/\" \/>\n<meta property=\"og:locale\" content=\"es_ES\" \/>\n<meta property=\"og:type\" content=\"article\" \/>\n<meta property=\"og:title\" content=\"COMUNICADO(29 de abril de 2026) - AJUSTE DE HORARIOS PARA EL JUEVES 30 DE ABRIL\" \/>\n<meta property=\"og:description\" content=\"Estimados acudientes y estudiantes, me permito informar los siguientes ajustes al horario de los cursos relacionados para el d\u00eda jueves 30 de abril.\" \/>\n<meta property=\"og:url\" content=\"https:\/\/ensst.edu.co\/ens\/2026\/04\/29\/comunicado29-de-abril-de-2026-ajuste-de-horarios-para-el-jueves-30-de-abril\/\" \/>\n<meta property=\"og:site_name\" content=\"ESCUELA NORMAL SUPERIOR SANTIAGO DE TUNJA\" \/>\n<meta property=\"article:published_time\" content=\"2026-04-29T17:11:03+00:00\" \/>\n<meta property=\"article:modified_time\" content=\"2026-04-29T17:20:04+00:00\" \/>\n<meta property=\"og:image\" content=\"https:\/\/ensst.edu.co\/ens\/wp-content\/uploads\/2025\/10\/ENSST.png\" \/>\n\t<meta property=\"og:image:width\" content=\"538\" \/>\n\t<meta property=\"og:image:height\" content=\"306\" \/>\n\t<meta property=\"og:image:type\" content=\"image\/png\" \/>\n<meta name=\"author\" content=\"ensstedu\" \/>\n<meta name=\"twitter:card\" content=\"summary_large_image\" \/>\n<meta name=\"twitter:label1\" content=\"Escrito por\" \/>\n\t<meta name=\"twitter:data1\" content=\"ensstedu\" \/>\n\t<meta name=\"twitter:label2\" content=\"Tiempo de lectura\" \/>\n\t<meta name=\"twitter:data2\" content=\"2 minutos\" \/>\n<script type=\"application\/ld+json\" class=\"yoast-schema-graph\">{\"@context\":\"https:\\\/\\\/schema.org\",\"@graph\":[{\"@type\":\"Article\",\"@id\":\"https:\\\/\\\/ensst.edu.co\\\/ens\\\/2026\\\/04\\\/29\\\/comunicado29-de-abril-de-2026-ajuste-de-horarios-para-el-jueves-30-de-abril\\\/#article\",\"isPartOf\":{\"@id\":\"https:\\\/\\\/ensst.edu.co\\\/ens\\\/2026\\\/04\\\/29\\\/comunicado29-de-abril-de-2026-ajuste-de-horarios-para-el-jueves-30-de-abril\\\/\"},\"author\":{\"name\":\"ensstedu\",\"@id\":\"https:\\\/\\\/ensst.edu.co\\\/ens\\\/#\\\/schema\\\/person\\\/8d2641fc7ac8d6c94185f26ebd409116\"},\"headline\":\"COMUNICADO(29 de abril de 2026) &#8211; AJUSTE DE HORARIOS PARA EL JUEVES 30 DE ABRIL\",\"datePublished\":\"2026-04-29T17:11:03+00:00\",\"dateModified\":\"2026-04-29T17:20:04+00:00\",\"mainEntityOfPage\":{\"@id\":\"https:\\\/\\\/ensst.edu.co\\\/ens\\\/2026\\\/04\\\/29\\\/comunicado29-de-abril-de-2026-ajuste-de-horarios-para-el-jueves-30-de-abril\\\/\"},\"wordCount\":230,\"publisher\":{\"@id\":\"https:\\\/\\\/ensst.edu.co\\\/ens\\\/#organization\"},\"image\":{\"@id\":\"https:\\\/\\\/ensst.edu.co\\\/ens\\\/2026\\\/04\\\/29\\\/comunicado29-de-abril-de-2026-ajuste-de-horarios-para-el-jueves-30-de-abril\\\/#primaryimage\"},\"thumbnailUrl\":\"https:\\\/\\\/ensst.edu.co\\\/ens\\\/wp-content\\\/uploads\\\/2025\\\/10\\\/ENSST.png\",\"articleSection\":[\"COMUNICADOS\"],\"inLanguage\":\"es\"},{\"@type\":\"WebPage\",\"@id\":\"https:\\\/\\\/ensst.edu.co\\\/ens\\\/2026\\\/04\\\/29\\\/comunicado29-de-abril-de-2026-ajuste-de-horarios-para-el-jueves-30-de-abril\\\/\",\"url\":\"https:\\\/\\\/ensst.edu.co\\\/ens\\\/2026\\\/04\\\/29\\\/comunicado29-de-abril-de-2026-ajuste-de-horarios-para-el-jueves-30-de-abril\\\/\",\"name\":\"COMUNICADO(29 de abril de 2026) - AJUSTE DE HORARIOS PARA EL JUEVES 30 DE ABRIL - ESCUELA NORMAL SUPERIOR SANTIAGO DE TUNJA\",\"isPartOf\":{\"@id\":\"https:\\\/\\\/ensst.edu.co\\\/ens\\\/#website\"},\"primaryImageOfPage\":{\"@id\":\"https:\\\/\\\/ensst.edu.co\\\/ens\\\/2026\\\/04\\\/29\\\/comunicado29-de-abril-de-2026-ajuste-de-horarios-para-el-jueves-30-de-abril\\\/#primaryimage\"},\"image\":{\"@id\":\"https:\\\/\\\/ensst.edu.co\\\/ens\\\/2026\\\/04\\\/29\\\/comunicado29-de-abril-de-2026-ajuste-de-horarios-para-el-jueves-30-de-abril\\\/#primaryimage\"},\"thumbnailUrl\":\"https:\\\/\\\/ensst.edu.co\\\/ens\\\/wp-content\\\/uploads\\\/2025\\\/10\\\/ENSST.png\",\"datePublished\":\"2026-04-29T17:11:03+00:00\",\"dateModified\":\"2026-04-29T17:20:04+00:00\",\"breadcrumb\":{\"@id\":\"https:\\\/\\\/ensst.edu.co\\\/ens\\\/2026\\\/04\\\/29\\\/comunicado29-de-abril-de-2026-ajuste-de-horarios-para-el-jueves-30-de-abril\\\/#breadcrumb\"},\"inLanguage\":\"es\",\"potentialAction\":[{\"@type\":\"ReadAction\",\"target\":[\"https:\\\/\\\/ensst.edu.co\\\/ens\\\/2026\\\/04\\\/29\\\/comunicado29-de-abril-de-2026-ajuste-de-horarios-para-el-jueves-30-de-abril\\\/\"]}]},{\"@type\":\"ImageObject\",\"inLanguage\":\"es\",\"@id\":\"https:\\\/\\\/ensst.edu.co\\\/ens\\\/2026\\\/04\\\/29\\\/comunicado29-de-abril-de-2026-ajuste-de-horarios-para-el-jueves-30-de-abril\\\/#primaryimage\",\"url\":\"https:\\\/\\\/ensst.edu.co\\\/ens\\\/wp-content\\\/uploads\\\/2025\\\/10\\\/ENSST.png\",\"contentUrl\":\"https:\\\/\\\/ensst.edu.co\\\/ens\\\/wp-content\\\/uploads\\\/2025\\\/10\\\/ENSST.png\",\"width\":538,\"height\":306},{\"@type\":\"BreadcrumbList\",\"@id\":\"https:\\\/\\\/ensst.edu.co\\\/ens\\\/2026\\\/04\\\/29\\\/comunicado29-de-abril-de-2026-ajuste-de-horarios-para-el-jueves-30-de-abril\\\/#breadcrumb\",\"itemListElement\":[{\"@type\":\"ListItem\",\"position\":1,\"name\":\"Portada\",\"item\":\"https:\\\/\\\/ensst.edu.co\\\/ens\\\/\"},{\"@type\":\"ListItem\",\"position\":2,\"name\":\"COMUNICADO(29 de abril de 2026) &#8211; AJUSTE DE HORARIOS PARA EL JUEVES 30 DE ABRIL\"}]},{\"@type\":\"WebSite\",\"@id\":\"https:\\\/\\\/ensst.edu.co\\\/ens\\\/#website\",\"url\":\"https:\\\/\\\/ensst.edu.co\\\/ens\\\/\",\"name\":\"ESCUELA NORMAL SUPERIOR SANTIAGO DE TUNJA\",\"description\":\"TUNJA - BOYAC\u00c1\",\"publisher\":{\"@id\":\"https:\\\/\\\/ensst.edu.co\\\/ens\\\/#organization\"},\"potentialAction\":[{\"@type\":\"SearchAction\",\"target\":{\"@type\":\"EntryPoint\",\"urlTemplate\":\"https:\\\/\\\/ensst.edu.co\\\/ens\\\/?s={search_term_string}\"},\"query-input\":{\"@type\":\"PropertyValueSpecification\",\"valueRequired\":true,\"valueName\":\"search_term_string\"}}],\"inLanguage\":\"es\"},{\"@type\":\"Organization\",\"@id\":\"https:\\\/\\\/ensst.edu.co\\\/ens\\\/#organization\",\"name\":\"ESCUELA NORMAL SUPERIOR SANTIAGO DE TUNJA\",\"url\":\"https:\\\/\\\/ensst.edu.co\\\/ens\\\/\",\"logo\":{\"@type\":\"ImageObject\",\"inLanguage\":\"es\",\"@id\":\"https:\\\/\\\/ensst.edu.co\\\/ens\\\/#\\\/schema\\\/logo\\\/image\\\/\",\"url\":\"https:\\\/\\\/ensst.edu.co\\\/ens\\\/wp-content\\\/uploads\\\/2020\\\/05\\\/cropped-Escudo-1.png\",\"contentUrl\":\"https:\\\/\\\/ensst.edu.co\\\/ens\\\/wp-content\\\/uploads\\\/2020\\\/05\\\/cropped-Escudo-1.png\",\"width\":512,\"height\":512,\"caption\":\"ESCUELA NORMAL SUPERIOR SANTIAGO DE TUNJA\"},\"image\":{\"@id\":\"https:\\\/\\\/ensst.edu.co\\\/ens\\\/#\\\/schema\\\/logo\\\/image\\\/\"}},{\"@type\":\"Person\",\"@id\":\"https:\\\/\\\/ensst.edu.co\\\/ens\\\/#\\\/schema\\\/person\\\/8d2641fc7ac8d6c94185f26ebd409116\",\"name\":\"ensstedu\",\"image\":{\"@type\":\"ImageObject\",\"inLanguage\":\"es\",\"@id\":\"https:\\\/\\\/secure.gravatar.com\\\/avatar\\\/e749275d06ff58ffd0d716ba1502b0092da49d07e52fc6801cf7d095f41ca27e?s=96&d=mm&r=g\",\"url\":\"https:\\\/\\\/secure.gravatar.com\\\/avatar\\\/e749275d06ff58ffd0d716ba1502b0092da49d07e52fc6801cf7d095f41ca27e?s=96&d=mm&r=g\",\"contentUrl\":\"https:\\\/\\\/secure.gravatar.com\\\/avatar\\\/e749275d06ff58ffd0d716ba1502b0092da49d07e52fc6801cf7d095f41ca27e?s=96&d=mm&r=g\",\"caption\":\"ensstedu\"},\"sameAs\":[\"https:\\\/\\\/ensst.edu.co\\\/ens\"],\"url\":\"https:\\\/\\\/ensst.edu.co\\\/ens\\\/author\\\/ensstedu\\\/\"}]}<\/script>\n<!-- \/ Yoast SEO Premium plugin. -->","yoast_head_json":{"title":"COMUNICADO(29 de abril de 2026) - AJUSTE DE HORARIOS PARA EL JUEVES 30 DE ABRIL - ESCUELA NORMAL SUPERIOR SANTIAGO DE TUNJA","robots":{"index":"index","follow":"follow","max-snippet":"max-snippet:-1","max-image-preview":"max-image-preview:large","max-video-preview":"max-video-preview:-1"},"canonical":"https:\/\/ensst.edu.co\/ens\/2026\/04\/29\/comunicado29-de-abril-de-2026-ajuste-de-horarios-para-el-jueves-30-de-abril\/","og_locale":"es_ES","og_type":"article","og_title":"COMUNICADO(29 de abril de 2026) - AJUSTE DE HORARIOS PARA EL JUEVES 30 DE ABRIL","og_description":"Estimados acudientes y estudiantes, me permito informar los siguientes ajustes al horario de los cursos relacionados para el d\u00eda jueves 30 de abril.","og_url":"https:\/\/ensst.edu.co\/ens\/2026\/04\/29\/comunicado29-de-abril-de-2026-ajuste-de-horarios-para-el-jueves-30-de-abril\/","og_site_name":"ESCUELA NORMAL SUPERIOR SANTIAGO DE TUNJA","article_published_time":"2026-04-29T17:11:03+00:00","article_modified_time":"2026-04-29T17:20:04+00:00","og_image":[{"width":538,"height":306,"url":"https:\/\/ensst.edu.co\/ens\/wp-content\/uploads\/2025\/10\/ENSST.png","type":"image\/png"}],"author":"ensstedu","twitter_card":"summary_large_image","twitter_misc":{"Escrito por":"ensstedu","Tiempo de lectura":"2 minutos"},"schema":{"@context":"https:\/\/schema.org","@graph":[{"@type":"Article","@id":"https:\/\/ensst.edu.co\/ens\/2026\/04\/29\/comunicado29-de-abril-de-2026-ajuste-de-horarios-para-el-jueves-30-de-abril\/#article","isPartOf":{"@id":"https:\/\/ensst.edu.co\/ens\/2026\/04\/29\/comunicado29-de-abril-de-2026-ajuste-de-horarios-para-el-jueves-30-de-abril\/"},"author":{"name":"ensstedu","@id":"https:\/\/ensst.edu.co\/ens\/#\/schema\/person\/8d2641fc7ac8d6c94185f26ebd409116"},"headline":"COMUNICADO(29 de abril de 2026) &#8211; AJUSTE DE HORARIOS PARA EL JUEVES 30 DE ABRIL","datePublished":"2026-04-29T17:11:03+00:00","dateModified":"2026-04-29T17:20:04+00:00","mainEntityOfPage":{"@id":"https:\/\/ensst.edu.co\/ens\/2026\/04\/29\/comunicado29-de-abril-de-2026-ajuste-de-horarios-para-el-jueves-30-de-abril\/"},"wordCount":230,"publisher":{"@id":"https:\/\/ensst.edu.co\/ens\/#organization"},"image":{"@id":"https:\/\/ensst.edu.co\/ens\/2026\/04\/29\/comunicado29-de-abril-de-2026-ajuste-de-horarios-para-el-jueves-30-de-abril\/#primaryimage"},"thumbnailUrl":"https:\/\/ensst.edu.co\/ens\/wp-content\/uploads\/2025\/10\/ENSST.png","articleSection":["COMUNICADOS"],"inLanguage":"es"},{"@type":"WebPage","@id":"https:\/\/ensst.edu.co\/ens\/2026\/04\/29\/comunicado29-de-abril-de-2026-ajuste-de-horarios-para-el-jueves-30-de-abril\/","url":"https:\/\/ensst.edu.co\/ens\/2026\/04\/29\/comunicado29-de-abril-de-2026-ajuste-de-horarios-para-el-jueves-30-de-abril\/","name":"COMUNICADO(29 de abril de 2026) - AJUSTE DE HORARIOS PARA EL JUEVES 30 DE ABRIL - ESCUELA NORMAL SUPERIOR SANTIAGO DE TUNJA","isPartOf":{"@id":"https:\/\/ensst.edu.co\/ens\/#website"},"primaryImageOfPage":{"@id":"https:\/\/ensst.edu.co\/ens\/2026\/04\/29\/comunicado29-de-abril-de-2026-ajuste-de-horarios-para-el-jueves-30-de-abril\/#primaryimage"},"image":{"@id":"https:\/\/ensst.edu.co\/ens\/2026\/04\/29\/comunicado29-de-abril-de-2026-ajuste-de-horarios-para-el-jueves-30-de-abril\/#primaryimage"},"thumbnailUrl":"https:\/\/ensst.edu.co\/ens\/wp-content\/uploads\/2025\/10\/ENSST.png","datePublished":"2026-04-29T17:11:03+00:00","dateModified":"2026-04-29T17:20:04+00:00","breadcrumb":{"@id":"https:\/\/ensst.edu.co\/ens\/2026\/04\/29\/comunicado29-de-abril-de-2026-ajuste-de-horarios-para-el-jueves-30-de-abril\/#breadcrumb"},"inLanguage":"es","potentialAction":[{"@type":"ReadAction","target":["https:\/\/ensst.edu.co\/ens\/2026\/04\/29\/comunicado29-de-abril-de-2026-ajuste-de-horarios-para-el-jueves-30-de-abril\/"]}]},{"@type":"ImageObject","inLanguage":"es","@id":"https:\/\/ensst.edu.co\/ens\/2026\/04\/29\/comunicado29-de-abril-de-2026-ajuste-de-horarios-para-el-jueves-30-de-abril\/#primaryimage","url":"https:\/\/ensst.edu.co\/ens\/wp-content\/uploads\/2025\/10\/ENSST.png","contentUrl":"https:\/\/ensst.edu.co\/ens\/wp-content\/uploads\/2025\/10\/ENSST.png","width":538,"height":306},{"@type":"BreadcrumbList","@id":"https:\/\/ensst.edu.co\/ens\/2026\/04\/29\/comunicado29-de-abril-de-2026-ajuste-de-horarios-para-el-jueves-30-de-abril\/#breadcrumb","itemListElement":[{"@type":"ListItem","position":1,"name":"Portada","item":"https:\/\/ensst.edu.co\/ens\/"},{"@type":"ListItem","position":2,"name":"COMUNICADO(29 de abril de 2026) &#8211; AJUSTE DE HORARIOS PARA EL JUEVES 30 DE ABRIL"}]},{"@type":"WebSite","@id":"https:\/\/ensst.edu.co\/ens\/#website","url":"https:\/\/ensst.edu.co\/ens\/","name":"ESCUELA NORMAL SUPERIOR SANTIAGO DE TUNJA","description":"TUNJA - BOYAC\u00c1","publisher":{"@id":"https:\/\/ensst.edu.co\/ens\/#organization"},"potentialAction":[{"@type":"SearchAction","target":{"@type":"EntryPoint","urlTemplate":"https:\/\/ensst.edu.co\/ens\/?s={search_term_string}"},"query-input":{"@type":"PropertyValueSpecification","valueRequired":true,"valueName":"search_term_string"}}],"inLanguage":"es"},{"@type":"Organization","@id":"https:\/\/ensst.edu.co\/ens\/#organization","name":"ESCUELA NORMAL SUPERIOR SANTIAGO DE TUNJA","url":"https:\/\/ensst.edu.co\/ens\/","logo":{"@type":"ImageObject","inLanguage":"es","@id":"https:\/\/ensst.edu.co\/ens\/#\/schema\/logo\/image\/","url":"https:\/\/ensst.edu.co\/ens\/wp-content\/uploads\/2020\/05\/cropped-Escudo-1.png","contentUrl":"https:\/\/ensst.edu.co\/ens\/wp-content\/uploads\/2020\/05\/cropped-Escudo-1.png","width":512,"height":512,"caption":"ESCUELA NORMAL SUPERIOR SANTIAGO DE TUNJA"},"image":{"@id":"https:\/\/ensst.edu.co\/ens\/#\/schema\/logo\/image\/"}},{"@type":"Person","@id":"https:\/\/ensst.edu.co\/ens\/#\/schema\/person\/8d2641fc7ac8d6c94185f26ebd409116","name":"ensstedu","image":{"@type":"ImageObject","inLanguage":"es","@id":"https:\/\/secure.gravatar.com\/avatar\/e749275d06ff58ffd0d716ba1502b0092da49d07e52fc6801cf7d095f41ca27e?s=96&d=mm&r=g","url":"https:\/\/secure.gravatar.com\/avatar\/e749275d06ff58ffd0d716ba1502b0092da49d07e52fc6801cf7d095f41ca27e?s=96&d=mm&r=g","contentUrl":"https:\/\/secure.gravatar.com\/avatar\/e749275d06ff58ffd0d716ba1502b0092da49d07e52fc6801cf7d095f41ca27e?s=96&d=mm&r=g","caption":"ensstedu"},"sameAs":["https:\/\/ensst.edu.co\/ens"],"url":"https:\/\/ensst.edu.co\/ens\/author\/ensstedu\/"}]}},"_links":{"self":[{"href":"https:\/\/ensst.edu.co\/ens\/wp-json\/wp\/v2\/posts\/10361","targetHints":{"allow":["GET"]}}],"collection":[{"href":"https:\/\/ensst.edu.co\/ens\/wp-json\/wp\/v2\/posts"}],"about":[{"href":"https:\/\/ensst.edu.co\/ens\/wp-json\/wp\/v2\/types\/post"}],"author":[{"embeddable":true,"href":"https:\/\/ensst.edu.co\/ens\/wp-json\/wp\/v2\/users\/1"}],"replies":[{"embeddable":true,"href":"https:\/\/ensst.edu.co\/ens\/wp-json\/wp\/v2\/comments?post=10361"}],"version-history":[{"count":7,"href":"https:\/\/ensst.edu.co\/ens\/wp-json\/wp\/v2\/posts\/10361\/revisions"}],"predecessor-version":[{"id":10373,"href":"https:\/\/ensst.edu.co\/ens\/wp-json\/wp\/v2\/posts\/10361\/revisions\/10373"}],"wp:featuredmedia":[{"embeddable":true,"href":"https:\/\/ensst.edu.co\/ens\/wp-json\/wp\/v2\/media\/9588"}],"wp:attachment":[{"href":"https:\/\/ensst.edu.co\/ens\/wp-json\/wp\/v2\/media?parent=10361"}],"wp:term":[{"taxonomy":"category","embeddable":true,"href":"https:\/\/ensst.edu.co\/ens\/wp-json\/wp\/v2\/categories?post=10361"},{"taxonomy":"post_tag","embeddable":true,"href":"https:\/\/ensst.edu.co\/ens\/wp-json\/wp\/v2\/tags?post=10361"}],"curies":[{"name":"wp","href":"https:\/\/api.w.org\/{rel}","templated":true}]}}