{"id":10334,"date":"2026-04-29T11:40:48","date_gmt":"2026-04-29T16:40:48","guid":{"rendered":"https:\/\/ensst.edu.co\/ens\/?p=10334"},"modified":"2026-04-29T12:16:13","modified_gmt":"2026-04-29T17:16:13","slug":"circular-no-007-funcionamiento-de-la-sede-norte-y-ajustes-de-horarios-de-clase","status":"publish","type":"post","link":"https:\/\/ensst.edu.co\/ens\/2026\/04\/29\/circular-no-007-funcionamiento-de-la-sede-norte-y-ajustes-de-horarios-de-clase\/","title":{"rendered":"CIRCULAR NO 007 &#8211; FUNCIONAMIENTO DE LA SEDE NORTE Y AJUSTES DE HORARIOS DE CLASE"},"content":{"rendered":"\t\t<div data-elementor-type=\"wp-post\" data-elementor-id=\"10334\" class=\"elementor elementor-10334\" data-elementor-post-type=\"post\">\n\t\t\t\t<div class=\"elementor-element elementor-element-111185e e-flex e-con-boxed e-con e-parent\" data-id=\"111185e\" data-element_type=\"container\" data-e-type=\"container\">\n\t\t\t\t\t<div class=\"e-con-inner\">\n\t\t\t\t<div class=\"elementor-element elementor-element-186c522 elementor-widget elementor-widget-html\" data-id=\"186c522\" data-element_type=\"widget\" data-e-type=\"widget\" data-widget_type=\"html.default\">\n\t\t\t\t<div class=\"elementor-widget-container\">\n\t\t\t\t\t<!DOCTYPE html>\n<html lang=\"es\">\n<head>\n<meta charset=\"UTF-8\">\n<meta name=\"viewport\" content=\"width=device-width, initial-scale=1.0\">\n<title>Circular N\u00b0 007 \u00b7 29 de Abril de 2026 \u00b7 ENSST<\/title>\n<link href=\"https:\/\/fonts.googleapis.com\/css2?family=Cormorant+Garamond:ital,wght@0,400;0,500;0,600;0,700;1,400;1,600&family=DM+Sans:wght@300;400;500;600&display=swap\" rel=\"stylesheet\">\n<style>\n\n*, *::before, *::after { margin: 0; padding: 0; box-sizing: border-box; }\n\n:root {\n  --azul:       #C8DCF0;\n  --azul-mid:   #A3C4E8;\n  --azul-deep:  #4A7FAF;\n  --azul-texto: #1E3A5F;\n  --rojo:       #F2C4C4;\n  --rojo-mid:   #E8A0A0;\n  --rojo-deep:  #B85C5C;\n  --verde:      #C6E8D8;\n  --verde-deep: #3A8A62;\n  --ambar:      #FDE8C0;\n  --ambar-deep: #B45309;\n  --crema:      #FAFBFD;\n  --gris:       #8898AA;\n  --oscuro:     #1A2D45;\n  --blanco:     #ffffff;\n}\n\nhtml { scroll-behavior: smooth; }\n\nbody {\n  font-family: 'DM Sans', sans-serif;\n  background: var(--crema);\n  min-height: 100vh;\n  display: flex;\n  align-items: flex-start;\n  justify-content: center;\n  padding: 48px 20px 64px;\n}\n\n.com-page { width: 100%; max-width: 780px; }\n\n\/* \u2500\u2500 Membrete \u2500\u2500 *\/\n.com-membrete { text-align: center; margin-bottom: 48px; animation: fadeDown 0.7s both; }\n\n@keyframes fadeDown {\n  from { opacity: 0; transform: translateY(-12px); }\n  to   { opacity: 1; transform: translateY(0); }\n}\n\n.com-escudo { width: 64px; height: auto; margin: 0 auto 14px; display: block; }\n\n.com-inst-nombre {\n  font-family: 'Cormorant Garamond', serif;\n  font-size: 13px; font-weight: 500;\n  letter-spacing: 0.5px; color: var(--gris); line-height: 1.8;\n}\n\n\/* \u2500\u2500 Tarjeta \u2500\u2500 *\/\n.com-card {\n  background: var(--blanco); border-radius: 28px; overflow: hidden;\n  box-shadow: 0 2px 4px rgba(74,127,175,0.06), 0 12px 48px rgba(74,127,175,0.08), 0 1px 2px rgba(0,0,0,0.04);\n  animation: fadeUp 0.8s 0.15s both;\n}\n\n@keyframes fadeUp {\n  from { opacity: 0; transform: translateY(20px); }\n  to   { opacity: 1; transform: translateY(0); }\n}\n\n\/* \u2500\u2500 Header \u2500\u2500 *\/\n.com-header {\n  background: linear-gradient(160deg, var(--azul) 0%, #daeaf8 60%, #f0e8f2 100%);\n  padding: 52px 52px 44px;\n  position: relative; overflow: hidden; text-align: center;\n}\n\n.com-header::before {\n  content: ''; position: absolute; top: -60px; right: -60px;\n  width: 260px; height: 260px; border-radius: 50%;\n  background: radial-gradient(circle, rgba(255,255,255,0.5) 0%, transparent 70%);\n  pointer-events: none;\n}\n\n.com-header::after {\n  content: ''; position: absolute; bottom: -40px; left: -40px;\n  width: 200px; height: 200px; border-radius: 50%;\n  background: radial-gradient(circle, rgba(242,196,196,0.35) 0%, transparent 70%);\n  pointer-events: none;\n}\n\n.com-chip {\n  display: inline-flex; align-items: center; gap: 8px;\n  background: var(--blanco); border-radius: 100px;\n  padding: 7px 18px; font-size: 10px; font-weight: 600;\n  letter-spacing: 3px; text-transform: uppercase; color: var(--azul-deep);\n  margin-bottom: 20px; box-shadow: 0 2px 12px rgba(74,127,175,0.12);\n  position: relative; z-index: 1;\n}\n\n.com-chip-dot { width: 6px; height: 6px; border-radius: 50%; background: var(--rojo-deep); flex-shrink: 0; }\n\n.com-titulo {\n  font-family: 'Cormorant Garamond', serif;\n  font-size: clamp(38px, 6vw, 58px); font-weight: 700; line-height: 1.0;\n  color: var(--azul-texto); position: relative; z-index: 1;\n  margin-bottom: 6px; letter-spacing: -0.5px;\n}\n\n.com-numero {\n  font-family: 'Cormorant Garamond', serif;\n  font-size: 17px; font-style: italic;\n  color: var(--azul-deep); opacity: 0.7;\n  position: relative; z-index: 1; margin-top: 8px;\n}\n\n.com-header-bar {\n  position: absolute; bottom: 0; left: 0; right: 0; height: 4px;\n  background: linear-gradient(90deg, var(--azul-mid) 0%, var(--rojo-mid) 50%, var(--azul-mid) 100%);\n}\n\n\/* \u2500\u2500 Metadatos \u2500\u2500 *\/\n.com-meta { padding: 0 52px; border-bottom: 1px solid #F0F4F8; }\n\n.com-meta-row {\n  display: flex; align-items: baseline; gap: 16px;\n  padding: 17px 0; border-bottom: 1px solid #F4F7FA;\n}\n\n.com-meta-row:last-child { border-bottom: none; }\n\n.com-meta-label {\n  font-size: 10px; font-weight: 700; letter-spacing: 2.5px;\n  text-transform: uppercase; color: var(--rojo-deep);\n  min-width: 70px; flex-shrink: 0; padding-top: 2px;\n}\n\n.com-meta-valor { font-size: 15px; font-weight: 500; color: var(--oscuro); line-height: 1.5; }\n\n\/* \u2500\u2500 Asunto \u2500\u2500 *\/\n.com-asunto-destacado {\n  margin: 28px 52px 0; padding: 22px 28px;\n  background: linear-gradient(135deg, #EDF4FB 0%, #F9EAEA 100%);\n  border-radius: 16px; display: flex; align-items: center; gap: 18px;\n}\n\n.com-asunto-icon {\n  width: 44px; height: 44px; border-radius: 12px; background: var(--blanco);\n  display: flex; align-items: center; justify-content: center;\n  flex-shrink: 0; box-shadow: 0 2px 8px rgba(74,127,175,0.1);\n}\n\n.com-asunto-icon svg { width: 20px; height: 20px; color: var(--azul-deep); }\n.com-asunto-label { font-size: 10px; font-weight: 700; letter-spacing: 2.5px; text-transform: uppercase; color: var(--rojo-deep); display: block; margin-bottom: 5px; }\n.com-asunto-texto { font-size: 14px; font-weight: 600; color: var(--azul-texto); line-height: 1.45; }\n\n\/* \u2500\u2500 Cuerpo \u2500\u2500 *\/\n.com-body { padding: 40px 52px; }\n\n.com-saludo { font-size: 15.5px; color: #4A5568; line-height: 1.85; font-weight: 400; margin-bottom: 20px; text-align: justify; }\n\n.com-parrafo { font-size: 15.5px; color: #4A5568; line-height: 1.85; font-weight: 300; margin-bottom: 18px; text-align: justify; }\n.com-parrafo strong { color: var(--oscuro); font-weight: 600; }\n\n\/* \u2500\u2500 Alerta fecha inicio \u2500\u2500 *\/\n.com-alerta {\n  display: flex; align-items: center; gap: 16px;\n  padding: 18px 22px; border-radius: 14px;\n  background: linear-gradient(135deg, #FEF3C7 0%, #FDE8C0 100%);\n  border-left: 4px solid var(--ambar-deep);\n  margin-bottom: 24px;\n}\n\n.com-alerta-icon {\n  width: 40px; height: 40px; border-radius: 11px;\n  background: var(--ambar-deep);\n  display: flex; align-items: center; justify-content: center; flex-shrink: 0;\n}\n\n.com-alerta-icon svg { width: 20px; height: 20px; color: white; }\n\n.com-alerta-texto { font-size: 14.5px; font-weight: 500; color: #78350F; line-height: 1.55; text-align: justify; }\n.com-alerta-texto strong { font-weight: 700; color: #451A03; }\n\n\/* \u2500\u2500 T\u00edtulo de secci\u00f3n \u2500\u2500 *\/\n.com-seccion-titulo {\n  display: flex; align-items: center; gap: 14px;\n  margin: 36px 0 20px;\n}\n\n.com-seccion-titulo h3 {\n  font-family: 'Cormorant Garamond', serif;\n  font-size: 22px; font-weight: 700;\n  color: var(--azul-texto); white-space: nowrap;\n}\n\n.com-seccion-line { flex: 1; height: 1px; background: #DDE6F0; }\n\n\/* \u2500\u2500 Cards de horario por sede \u2500\u2500 *\/\n.com-horarios-grid {\n  display: flex; flex-direction: column; gap: 12px;\n  margin-bottom: 32px;\n}\n\n.com-horario-item {\n  display: grid;\n  grid-template-columns: auto 1fr auto;\n  align-items: center;\n  gap: 0;\n  border-radius: 14px;\n  overflow: hidden;\n  border: 1px solid #E8EFF7;\n  transition: transform 0.2s ease;\n}\n\n.com-horario-item:hover { transform: translateX(3px); }\n\n\/* Acento lateral por sede *\/\n.com-horario-item--central { border-left: 4px solid var(--azul-deep); }\n.com-horario-item--norte   { border-left: 4px solid var(--verde-deep); }\n.com-horario-item--jardin  { border-left: 4px solid var(--rojo-deep); }\n\n.com-horario-num {\n  background: #F4F8FC;\n  padding: 16px 18px;\n  font-family: 'Cormorant Garamond', serif;\n  font-size: 26px; font-weight: 700;\n  color: var(--gris); line-height: 1;\n  min-width: 56px; text-align: center;\n  border-right: 1px solid #E8EFF7;\n}\n\n.com-horario-content { padding: 14px 18px; }\n\n.com-horario-sede {\n  display: inline-flex; align-items: center; gap: 6px;\n  font-size: 10px; font-weight: 700; letter-spacing: 2px;\n  text-transform: uppercase; margin-bottom: 5px;\n}\n\n.com-horario-item--central .com-horario-sede { color: var(--azul-deep); }\n.com-horario-item--norte   .com-horario-sede { color: var(--verde-deep); }\n.com-horario-item--jardin  .com-horario-sede { color: var(--rojo-deep); }\n\n.com-horario-desc {\n  font-size: 14px; color: var(--oscuro);\n  line-height: 1.5; font-weight: 400;\n}\n\n.com-horario-desc em { font-style: normal; color: var(--gris); font-size: 13px; }\n\n.com-horario-horas {\n  padding: 14px 20px;\n  text-align: right;\n  border-left: 1px solid #E8EFF7;\n  background: #FAFCFE;\n  min-width: 120px;\n}\n\n.com-hora-entrada {\n  font-size: 12px; font-weight: 600; color: var(--verde-deep);\n  display: block; margin-bottom: 4px; white-space: nowrap;\n}\n\n.com-hora-salida {\n  font-size: 12px; font-weight: 600; color: var(--rojo-deep);\n  display: block; white-space: nowrap;\n}\n\n.com-hora-label {\n  font-size: 9px; font-weight: 600; letter-spacing: 1.5px;\n  text-transform: uppercase; color: var(--gris);\n  display: block; margin-bottom: 2px;\n}\n\n\/* \u2500\u2500 Secci\u00f3n consideraciones \u2500\u2500 *\/\n.com-consideraciones {\n  background: #F8FAFC; border-radius: 16px;\n  padding: 24px 28px; margin-bottom: 24px;\n  border: 1px solid #EDF2F7;\n}\n\n.com-cons-titulo {\n  font-size: 12px; font-weight: 700; letter-spacing: 2px;\n  text-transform: uppercase; color: var(--azul-deep);\n  margin-bottom: 14px; display: flex; align-items: center; gap: 8px;\n}\n\n.com-cons-titulo svg { width: 14px; height: 14px; }\n\n.com-cons-item {\n  display: flex; gap: 12px; margin-bottom: 12px;\n  padding-bottom: 12px; border-bottom: 1px solid #EDF2F7;\n}\n\n.com-cons-item:last-child { margin-bottom: 0; padding-bottom: 0; border-bottom: none; }\n\n.com-cons-dot {\n  width: 6px; height: 6px; border-radius: 50%;\n  background: var(--azul-mid); flex-shrink: 0; margin-top: 7px;\n}\n\n.com-cons-texto { font-size: 14px; color: #4A5568; line-height: 1.75; font-weight: 300; text-align: justify; }\n.com-cons-texto strong { color: var(--oscuro); font-weight: 600; }\n\n\/* \u2500\u2500 Firma \u2500\u2500 *\/\n.com-firma { padding: 0 52px 44px; text-align: center; }\n\n.com-firma-divider { display: flex; align-items: center; gap: 16px; margin-bottom: 32px; }\n\n.com-firma-line { flex: 1; height: 1px; background: linear-gradient(90deg, transparent, var(--azul-mid)); }\n.com-firma-line.rev { background: linear-gradient(90deg, var(--azul-mid), transparent); }\n.com-firma-diamond { width: 8px; height: 8px; background: var(--rojo-mid); transform: rotate(45deg); flex-shrink: 0; }\n\n.com-firma-nombre { font-family: 'Cormorant Garamond', serif; font-size: 24px; font-weight: 700; color: var(--azul-texto); letter-spacing: 0.3px; margin-bottom: 4px; }\n.com-firma-cargo { font-size: 11px; font-weight: 600; letter-spacing: 3px; text-transform: uppercase; color: var(--azul-deep); }\n\n.com-footer-bar {\n  height: 6px;\n  background: linear-gradient(90deg, var(--azul-mid) 0%, var(--azul) 33%, var(--rojo) 66%, var(--rojo-mid) 100%);\n}\n\n.com-pie { text-align: center; margin-top: 28px; font-size: 11px; color: #B0BEC8; letter-spacing: 0.5px; animation: fadeUp 0.8s 0.4s both; }\n\n\/* \u2500\u2500 Responsive \u2500\u2500 *\/\n@media (max-width: 620px) {\n  body { padding: 24px 12px 40px; }\n  .com-header { padding: 40px 28px 36px; }\n  .com-meta { padding: 0 28px; }\n  .com-asunto-destacado { margin: 20px 28px 0; padding: 18px 20px; }\n  .com-body { padding: 32px 28px; }\n  .com-firma { padding: 0 28px 36px; }\n  .com-horario-horas { min-width: 90px; padding: 12px 12px; }\n  .com-horario-num { padding: 14px 12px; min-width: 44px; font-size: 20px; }\n}\n\n@media (max-width: 480px) {\n  .com-header { padding: 32px 20px 28px; }\n  .com-meta { padding: 0 20px; }\n  .com-asunto-destacado { margin: 16px 20px 0; padding: 14px 16px; gap: 12px; }\n  .com-body { padding: 24px 20px; }\n  .com-firma { padding: 0 20px 30px; }\n  .com-horario-item { grid-template-columns: 1fr; }\n  .com-horario-num { border-right: none; border-bottom: 1px solid #E8EFF7; text-align: left; padding: 12px 16px; font-size: 16px; }\n  .com-horario-horas { border-left: none; border-top: 1px solid #E8EFF7; text-align: left; min-width: unset; }\n  .com-consideraciones { padding: 18px 18px; }\n}\n<\/style>\n<\/head>\n<body>\n\n<div class=\"com-page\">\n\n  <!-- Membrete -->\n  <div class=\"com-membrete\">\n    <img decoding=\"async\" class=\"com-escudo\" src=\"https:\/\/ensst.edu.co\/ens\/wp-content\/uploads\/2020\/05\/cropped-Escudo-1.png\" alt=\"Escudo ENSST\" onerror=\"this.style.display='none'\"\/>\n    <p class=\"com-inst-nombre\">\n      Alcald\u00eda Mayor de Tunja<br>\n      Secretar\u00eda de Educaci\u00f3n Territorial<br>\n      Escuela Normal Superior Santiago de Tunja\n    <\/p>\n  <\/div>\n\n  <div class=\"com-card\">\n\n    <!-- Header -->\n    <div class=\"com-header\">\n      <div class=\"com-chip\"><span class=\"com-chip-dot\"><\/span>ENSST 2026<\/div>\n      <h1 class=\"com-titulo\">Circular<\/h1>\n      <p class=\"com-numero\">N\u00b0 007 &nbsp;\u00b7&nbsp; 29 de abril de 2026<\/p>\n      <div class=\"com-header-bar\"><\/div>\n    <\/div>\n\n    <!-- Metadatos -->\n    <div class=\"com-meta\">\n      <div class=\"com-meta-row\">\n        <span class=\"com-meta-label\">Fecha<\/span>\n        <span class=\"com-meta-valor\">29 de abril de 2026<\/span>\n      <\/div>\n      <div class=\"com-meta-row\">\n        <span class=\"com-meta-label\">De<\/span>\n        <span class=\"com-meta-valor\">Rector\u00eda<\/span>\n      <\/div>\n      <div class=\"com-meta-row\">\n        <span class=\"com-meta-label\">Para<\/span>\n        <span class=\"com-meta-valor\">Padres de familia y comunidad educativa en general<\/span>\n      <\/div>\n    <\/div>\n\n    <!-- Asunto -->\n    <div class=\"com-asunto-destacado\">\n      <div class=\"com-asunto-icon\">\n        <svg viewBox=\"0 0 24 24\" fill=\"none\" stroke=\"currentColor\" stroke-width=\"2\" stroke-linecap=\"round\" stroke-linejoin=\"round\">\n          <path d=\"M3 9l9-7 9 7v11a2 2 0 0 1-2 2H5a2 2 0 0 1-2-2z\"\/>\n          <polyline points=\"9 22 9 12 15 12 15 22\"\/>\n        <\/svg>\n      <\/div>\n      <div>\n        <span class=\"com-asunto-label\">Asunto<\/span>\n        <span class=\"com-asunto-texto\">Funcionamiento de la Sede Norte y ajuste de horarios de clase<\/span>\n      <\/div>\n    <\/div>\n\n    <!-- Cuerpo -->\n    <div class=\"com-body\">\n\n      <p class=\"com-saludo\">Atento saludo.<\/p>\n\n      <!-- Alerta fecha inicio -->\n      <div class=\"com-alerta\">\n        <div class=\"com-alerta-icon\">\n          <svg viewBox=\"0 0 24 24\" fill=\"none\" stroke=\"currentColor\" stroke-width=\"2\" stroke-linecap=\"round\" stroke-linejoin=\"round\">\n            <rect x=\"3\" y=\"4\" width=\"18\" height=\"18\" rx=\"2\"\/>\n            <line x1=\"16\" y1=\"2\" x2=\"16\" y2=\"6\"\/>\n            <line x1=\"8\" y1=\"2\" x2=\"8\" y2=\"6\"\/>\n            <line x1=\"3\" y1=\"10\" x2=\"21\" y2=\"10\"\/>\n          <\/svg>\n        <\/div>\n        <p class=\"com-alerta-texto\">\n          Con la culminaci\u00f3n de la construcci\u00f3n de la Sede Norte y la entrega de la dotaci\u00f3n del mobiliario, se estableci\u00f3 el inicio de labores con la estrategia jornada \u00fanica el <strong>d\u00eda 4 de mayo del a\u00f1o en curso.<\/strong>\n        <\/p>\n      <\/div>\n\n      <p class=\"com-parrafo\">\n        En este sentido, es necesario dar a conocer los nuevos horarios de clases, establecidos como consecuencia de las particularidades que se presentan, ya que la implementaci\u00f3n de la jornada \u00fanica requiere del desarrollo de 7 horas clase y el suministro del Plan de Alimentaci\u00f3n Escolar <strong>PAE<\/strong> en caliente a los grados 6\u00b0, 7\u00b0, 8\u00b0 y transici\u00f3n, para lo cual se construy\u00f3 un amplio y moderno comedor escolar del cual carece la sede central en donde se continuar\u00e1 con el plan alimentario en la modalidad industrializada.\n      <\/p>\n\n      <p class=\"com-parrafo\">\n        Adicionalmente es necesario sincronizar los horarios de bachillerato en las 2 sedes, debido a que por situaciones administrativas y estrat\u00e9gicas 9 docentes deben desarrollar la primera hora en la sede norte y luego dirigirse a la sede central a continuar su jornada laboral.\n      <\/p>\n\n      <!-- Horarios -->\n      <div class=\"com-seccion-titulo\">\n        <h3>Horarios<\/h3>\n        <div class=\"com-seccion-line\"><\/div>\n      <\/div>\n\n      <div class=\"com-horarios-grid\">\n\n        <!-- 1 -->\n        <div class=\"com-horario-item com-horario-item--central\">\n          <div class=\"com-horario-num\">1<\/div>\n          <div class=\"com-horario-content\">\n            <div class=\"com-horario-sede\">\n              <svg width=\"10\" height=\"10\" viewBox=\"0 0 24 24\" fill=\"currentColor\"><path d=\"M12 2C8.13 2 5 5.13 5 9c0 5.25 7 13 7 13s7-7.75 7-13c0-3.87-3.13-7-7-7z\"\/><\/svg>\n              Sede Central\n            <\/div>\n            <p class=\"com-horario-desc\">Bachillerato \u2014 Grados 9\u00b0, 10\u00b0 y 11\u00b0<\/p>\n          <\/div>\n          <div class=\"com-horario-horas\">\n            <span class=\"com-hora-label\">Entrada<\/span>\n            <span class=\"com-hora-entrada\">6:45 a.m.<\/span>\n            <span class=\"com-hora-label\" style=\"margin-top:6px;\">Salida<\/span>\n            <span class=\"com-hora-salida\">12:45 p.m.<\/span>\n          <\/div>\n        <\/div>\n\n        <!-- 2 -->\n        <div class=\"com-horario-item com-horario-item--central\">\n          <div class=\"com-horario-num\">2<\/div>\n          <div class=\"com-horario-content\">\n            <div class=\"com-horario-sede\">\n              <svg width=\"10\" height=\"10\" viewBox=\"0 0 24 24\" fill=\"currentColor\"><path d=\"M12 2C8.13 2 5 5.13 5 9c0 5.25 7 13 7 13s7-7.75 7-13c0-3.87-3.13-7-7-7z\"\/><\/svg>\n              Sede Central\n            <\/div>\n            <p class=\"com-horario-desc\">Primaria \u2014 Jornada ma\u00f1ana <em>(mismos grados desde inicio de a\u00f1o)<\/em><\/p>\n          <\/div>\n          <div class=\"com-horario-horas\">\n            <span class=\"com-hora-label\">Entrada<\/span>\n            <span class=\"com-hora-entrada\">7:00 a.m.<\/span>\n            <span class=\"com-hora-label\" style=\"margin-top:6px;\">Salida<\/span>\n            <span class=\"com-hora-salida\">12:10 p.m.<\/span>\n          <\/div>\n        <\/div>\n\n        <!-- 3 -->\n        <div class=\"com-horario-item com-horario-item--central\">\n          <div class=\"com-horario-num\">3<\/div>\n          <div class=\"com-horario-content\">\n            <div class=\"com-horario-sede\">\n              <svg width=\"10\" height=\"10\" viewBox=\"0 0 24 24\" fill=\"currentColor\"><path d=\"M12 2C8.13 2 5 5.13 5 9c0 5.25 7 13 7 13s7-7.75 7-13c0-3.87-3.13-7-7-7z\"\/><\/svg>\n              Sede Central\n            <\/div>\n            <p class=\"com-horario-desc\">Primaria \u2014 Jornada tarde <em>(mismos grados desde inicio de a\u00f1o)<\/em><\/p>\n          <\/div>\n          <div class=\"com-horario-horas\">\n            <span class=\"com-hora-label\">Entrada<\/span>\n            <span class=\"com-hora-entrada\">12:30 p.m.<\/span>\n            <span class=\"com-hora-label\" style=\"margin-top:6px;\">Salida<\/span>\n            <span class=\"com-hora-salida\">5:40 p.m.<\/span>\n          <\/div>\n        <\/div>\n\n        <!-- 4 -->\n        <div class=\"com-horario-item com-horario-item--norte\">\n          <div class=\"com-horario-num\">4<\/div>\n          <div class=\"com-horario-content\">\n            <div class=\"com-horario-sede\">\n              <svg width=\"10\" height=\"10\" viewBox=\"0 0 24 24\" fill=\"currentColor\"><path d=\"M12 2C8.13 2 5 5.13 5 9c0 5.25 7 13 7 13s7-7.75 7-13c0-3.87-3.13-7-7-7z\"\/><\/svg>\n              Sede Norte\n            <\/div>\n            <p class=\"com-horario-desc\">Bachillerato \u2014 Grados 6\u00b0, 7\u00b0 y 8\u00b0 <em>(jornada \u00fanica, 1 hora adicional de clase)<\/em><\/p>\n          <\/div>\n          <div class=\"com-horario-horas\">\n            <span class=\"com-hora-label\">Entrada<\/span>\n            <span class=\"com-hora-entrada\">6:45 a.m.<\/span>\n            <span class=\"com-hora-label\" style=\"margin-top:6px;\">Salida<\/span>\n            <span class=\"com-hora-salida\">1:45 p.m.<\/span>\n          <\/div>\n        <\/div>\n\n        <!-- 5 -->\n        <div class=\"com-horario-item com-horario-item--norte\">\n          <div class=\"com-horario-num\">5<\/div>\n          <div class=\"com-horario-content\">\n            <div class=\"com-horario-sede\">\n              <svg width=\"10\" height=\"10\" viewBox=\"0 0 24 24\" fill=\"currentColor\"><path d=\"M12 2C8.13 2 5 5.13 5 9c0 5.25 7 13 7 13s7-7.75 7-13c0-3.87-3.13-7-7-7z\"\/><\/svg>\n              Sede Norte\n            <\/div>\n            <p class=\"com-horario-desc\">Transici\u00f3n<\/p>\n          <\/div>\n          <div class=\"com-horario-horas\">\n            <span class=\"com-hora-label\">Entrada<\/span>\n            <span class=\"com-hora-entrada\">7:30 a.m.<\/span>\n            <span class=\"com-hora-label\" style=\"margin-top:6px;\">Salida<\/span>\n            <span class=\"com-hora-salida\">12:40 p.m.<\/span>\n          <\/div>\n        <\/div>\n\n        <!-- 6 -->\n        <div class=\"com-horario-item com-horario-item--jardin\">\n          <div class=\"com-horario-num\">6<\/div>\n          <div class=\"com-horario-content\">\n            <div class=\"com-horario-sede\">\n              <svg width=\"10\" height=\"10\" viewBox=\"0 0 24 24\" fill=\"currentColor\"><path d=\"M12 2C8.13 2 5 5.13 5 9c0 5.25 7 13 7 13s7-7.75 7-13c0-3.87-3.13-7-7-7z\"\/><\/svg>\n              Sede Jard\u00edn Infantil\n            <\/div>\n            <p class=\"com-horario-desc\">Nivel Transici\u00f3n<\/p>\n          <\/div>\n          <div class=\"com-horario-horas\">\n            <span class=\"com-hora-label\">Entrada<\/span>\n            <span class=\"com-hora-entrada\">6:50 a.m.<\/span>\n            <span class=\"com-hora-label\" style=\"margin-top:6px;\">Salida<\/span>\n            <span class=\"com-hora-salida\">12:00 p.m.<\/span>\n          <\/div>\n        <\/div>\n\n        <!-- 7 -->\n        <div class=\"com-horario-item com-horario-item--jardin\">\n          <div class=\"com-horario-num\">7<\/div>\n          <div class=\"com-horario-content\">\n            <div class=\"com-horario-sede\">\n              <svg width=\"10\" height=\"10\" viewBox=\"0 0 24 24\" fill=\"currentColor\"><path d=\"M12 2C8.13 2 5 5.13 5 9c0 5.25 7 13 7 13s7-7.75 7-13c0-3.87-3.13-7-7-7z\"\/><\/svg>\n              Sede Jard\u00edn Infantil\n            <\/div>\n            <p class=\"com-horario-desc\">Jornada ma\u00f1ana \u2014 Grados Primero<\/p>\n          <\/div>\n          <div class=\"com-horario-horas\">\n            <span class=\"com-hora-label\">Entrada<\/span>\n            <span class=\"com-hora-entrada\">6:50 a.m.<\/span>\n            <span class=\"com-hora-label\" style=\"margin-top:6px;\">Salida<\/span>\n            <span class=\"com-hora-salida\">12:00 p.m.<\/span>\n          <\/div>\n        <\/div>\n\n        <!-- 8 -->\n        <div class=\"com-horario-item com-horario-item--jardin\">\n          <div class=\"com-horario-num\">8<\/div>\n          <div class=\"com-horario-content\">\n            <div class=\"com-horario-sede\">\n              <svg width=\"10\" height=\"10\" viewBox=\"0 0 24 24\" fill=\"currentColor\"><path d=\"M12 2C8.13 2 5 5.13 5 9c0 5.25 7 13 7 13s7-7.75 7-13c0-3.87-3.13-7-7-7z\"\/><\/svg>\n              Sede Jard\u00edn Infantil\n            <\/div>\n            <p class=\"com-horario-desc\">Jornada tarde \u2014 Grados Segundos<\/p>\n          <\/div>\n          <div class=\"com-horario-horas\">\n            <span class=\"com-hora-label\">Entrada<\/span>\n            <span class=\"com-hora-entrada\">12:30 p.m.<\/span>\n            <span class=\"com-hora-label\" style=\"margin-top:6px;\">Salida<\/span>\n            <span class=\"com-hora-salida\">5:40 p.m.<\/span>\n          <\/div>\n        <\/div>\n\n      <\/div>\n\n      <!-- Otras consideraciones -->\n      <div class=\"com-seccion-titulo\">\n        <h3>Otras consideraciones<\/h3>\n        <div class=\"com-seccion-line\"><\/div>\n      <\/div>\n\n      <div class=\"com-consideraciones\">\n        <div class=\"com-cons-titulo\">\n          <svg viewBox=\"0 0 24 24\" fill=\"none\" stroke=\"currentColor\" stroke-width=\"2\" stroke-linecap=\"round\" stroke-linejoin=\"round\">\n            <circle cx=\"12\" cy=\"12\" r=\"10\"\/>\n            <line x1=\"12\" y1=\"8\" x2=\"12\" y2=\"12\"\/>\n            <line x1=\"12\" y1=\"16\" x2=\"12.01\" y2=\"16\"\/>\n          <\/svg>\n          Informaci\u00f3n importante\n        <\/div>\n\n        <div class=\"com-cons-item\">\n          <div class=\"com-cons-dot\"><\/div>\n          <p class=\"com-cons-texto\">Para efectos de solicitud de <strong>certificados, constancias y retiros<\/strong> de estudiantes, se deben tramitar en la sede norte y sede central seg\u00fan corresponda los cursos atendidos. Los coordinadores, psicoorientadores y docentes de apoyo contin\u00faan siendo los mismos asignados a cada sede desde principio de a\u00f1o.<\/p>\n        <\/div>\n\n        <div class=\"com-cons-item\">\n          <div class=\"com-cons-dot\"><\/div>\n          <p class=\"com-cons-texto\">Se solicita respetuosamente a los padres de familia inculquen en sus hijos el <strong>uso responsable y el cuidado de todos los elementos<\/strong> muebles e inmuebles en cada una de las sedes, ya se han presentado da\u00f1os causados, al parecer, deliberadamente los cuales afectan la correcta prestaci\u00f3n y administraci\u00f3n del servicio educativo perjudicando a otros ni\u00f1os que hacen uso de dichos elementos como son: pupitres, unidades sanitarias, instalaciones hidr\u00e1ulicas, instalaciones el\u00e9ctricas, instalaciones de internet, etc.<\/p>\n        <\/div>\n\n        <div class=\"com-cons-item\">\n          <div class=\"com-cons-dot\"><\/div>\n          <p class=\"com-cons-texto\">Finalmente, debemos agradecer a todas y cada una de las administraciones municipales desde el a\u00f1o 2012, al Ministerio de Educaci\u00f3n Nacional a trav\u00e9s del Fondo de Infraestructura Educativa y a la Gobernaci\u00f3n de Boyac\u00e1, con su Programa Dotaci\u00f3n de Ambientes Escolares. Su compromiso, profesionalismo y gesti\u00f3n de sus funcionarios, as\u00ed como las inversiones realizadas, hicieron posible que disfrutemos de una <strong>SEDE NORTE<\/strong> moderna y dotada de los elementos m\u00ednimos necesarios para facilitar la educaci\u00f3n integral de cerca de 1000 ni\u00f1os en mejores condiciones, as\u00ed como la dignificaci\u00f3n de la profesi\u00f3n docente, quienes ejercer\u00e1n sus actividades acad\u00e9micas diarias con mayor grado de eficiencia y comodidad.<\/p>\n        <\/div>\n      <\/div>\n\n    <\/div>\n\n    <!-- Bot\u00f3n CTA -->\n    <div style=\"padding: 0 52px 40px;\">\n      <a\n        href=\"https:\/\/ensst.edu.co\/ens\/wp-content\/uploads\/2026\/04\/CIRCULAR-No.007.pdf\"\n        target=\"_blank\"\n        rel=\"noopener\"\n        style=\"display:inline-flex;align-items:center;justify-content:center;gap:10px;width:100%;padding:15px 24px;border-radius:14px;background:#4A7FAF;color:#ffffff;font-size:14px;font-weight:600;text-decoration:none;font-family:'DM Sans',Arial,sans-serif;letter-spacing:0.2px;box-sizing:border-box;box-shadow:0 4px 20px rgba(74,127,175,0.28);\"\n      >\n        <svg width=\"17\" height=\"17\" viewBox=\"0 0 24 24\" fill=\"none\" stroke=\"currentColor\" stroke-width=\"2\" stroke-linecap=\"round\" stroke-linejoin=\"round\">\n          <path d=\"M21 15v4a2 2 0 0 1-2 2H5a2 2 0 0 1-2-2v-4\"\/>\n          <polyline points=\"7 10 12 15 17 10\"\/>\n          <line x1=\"12\" y1=\"15\" x2=\"12\" y2=\"3\"\/>\n        <\/svg>\n        Descargar documento\n      <\/a>\n    <\/div>\n\n    <!-- Firma -->\n    <div class=\"com-firma\">\n      <div class=\"com-firma-divider\">\n        <div class=\"com-firma-line\"><\/div>\n        <div class=\"com-firma-diamond\"><\/div>\n        <div class=\"com-firma-line rev\"><\/div>\n      <\/div>\n      <p class=\"com-firma-nombre\">Mauricio Fonseca \u00c1lvarez<\/p>\n      <p class=\"com-firma-cargo\">Rector<\/p>\n    <\/div>\n\n    <div class=\"com-footer-bar\"><\/div>\n\n  <\/div>\n\n  <p class=\"com-pie\">Escuela Normal Superior Santiago de Tunja \u00b7 ensst.edu.co<\/p>\n\n<\/div>\n\n<\/body>\n<\/html>\t\t\t\t<\/div>\n\t\t\t\t<\/div>\n\t\t\t\t\t<\/div>\n\t\t\t\t<\/div>\n\t\t\t\t<\/div>\n\t\t","protected":false},"excerpt":{"rendered":"<p>Circular N\u00b0 007 \u00b7 29 de Abril de 2026 \u00b7 ENSST Alcald\u00eda Mayor de Tunja Secretar\u00eda de Educaci\u00f3n Territorial Escuela Normal Superior Santiago de Tunja ENSST 2026 Circular N\u00b0 007 &nbsp;\u00b7&nbsp; 29 de abril de 2026 Fecha 29 de abril de 2026 De Rector\u00eda Para Padres de familia y comunidad educativa en general Asunto Funcionamiento [&hellip;]<\/p>\n","protected":false},"author":1,"featured_media":9778,"comment_status":"closed","ping_status":"open","sticky":false,"template":"","format":"standard","meta":{"footnotes":""},"categories":[23],"tags":[],"class_list":["post-10334","post","type-post","status-publish","format-standard","has-post-thumbnail","hentry","category-circulares","entry","has-media"],"yoast_head":"<!-- This site is optimized with the Yoast SEO Premium plugin v26.9 (Yoast SEO v27.4) - https:\/\/yoast.com\/product\/yoast-seo-premium-wordpress\/ -->\n<title>CIRCULAR NO 007 - FUNCIONAMIENTO DE LA SEDE NORTE Y AJUSTES DE HORARIOS DE CLASE - ESCUELA NORMAL SUPERIOR SANTIAGO DE TUNJA<\/title>\n<meta name=\"robots\" content=\"index, follow, max-snippet:-1, max-image-preview:large, max-video-preview:-1\" \/>\n<link rel=\"canonical\" href=\"https:\/\/ensst.edu.co\/ens\/2026\/04\/29\/circular-no-007-funcionamiento-de-la-sede-norte-y-ajustes-de-horarios-de-clase\/\" \/>\n<meta property=\"og:locale\" content=\"es_ES\" \/>\n<meta property=\"og:type\" content=\"article\" \/>\n<meta property=\"og:title\" content=\"CIRCULAR NO 007 - FUNCIONAMIENTO DE LA SEDE NORTE Y AJUSTES DE HORARIOS DE CLASE\" \/>\n<meta property=\"og:description\" content=\"Circular N\u00b0 007 \u00b7 29 de Abril de 2026 \u00b7 ENSST Alcald\u00eda Mayor de Tunja Secretar\u00eda de Educaci\u00f3n Territorial Escuela Normal Superior Santiago de Tunja ENSST 2026 Circular N\u00b0 007 &nbsp;\u00b7&nbsp; 29 de abril de 2026 Fecha 29 de abril de 2026 De Rector\u00eda Para Padres de familia y comunidad educativa en general Asunto Funcionamiento [&hellip;]\" \/>\n<meta property=\"og:url\" content=\"https:\/\/ensst.edu.co\/ens\/2026\/04\/29\/circular-no-007-funcionamiento-de-la-sede-norte-y-ajustes-de-horarios-de-clase\/\" \/>\n<meta property=\"og:site_name\" content=\"ESCUELA NORMAL SUPERIOR SANTIAGO DE TUNJA\" \/>\n<meta property=\"article:published_time\" content=\"2026-04-29T16:40:48+00:00\" \/>\n<meta property=\"article:modified_time\" content=\"2026-04-29T17:16:13+00:00\" \/>\n<meta property=\"og:image\" content=\"https:\/\/ensst.edu.co\/ens\/wp-content\/uploads\/2026\/01\/CIRCULAR.jpg\" \/>\n\t<meta property=\"og:image:width\" content=\"538\" \/>\n\t<meta property=\"og:image:height\" content=\"306\" \/>\n\t<meta property=\"og:image:type\" content=\"image\/jpeg\" \/>\n<meta name=\"author\" content=\"ensstedu\" \/>\n<meta name=\"twitter:card\" content=\"summary_large_image\" \/>\n<meta name=\"twitter:label1\" content=\"Escrito por\" \/>\n\t<meta name=\"twitter:data1\" content=\"ensstedu\" \/>\n\t<meta name=\"twitter:label2\" content=\"Tiempo de lectura\" \/>\n\t<meta name=\"twitter:data2\" content=\"3 minutos\" \/>\n<script type=\"application\/ld+json\" class=\"yoast-schema-graph\">{\"@context\":\"https:\\\/\\\/schema.org\",\"@graph\":[{\"@type\":\"Article\",\"@id\":\"https:\\\/\\\/ensst.edu.co\\\/ens\\\/2026\\\/04\\\/29\\\/circular-no-007-funcionamiento-de-la-sede-norte-y-ajustes-de-horarios-de-clase\\\/#article\",\"isPartOf\":{\"@id\":\"https:\\\/\\\/ensst.edu.co\\\/ens\\\/2026\\\/04\\\/29\\\/circular-no-007-funcionamiento-de-la-sede-norte-y-ajustes-de-horarios-de-clase\\\/\"},\"author\":{\"name\":\"ensstedu\",\"@id\":\"https:\\\/\\\/ensst.edu.co\\\/ens\\\/#\\\/schema\\\/person\\\/8d2641fc7ac8d6c94185f26ebd409116\"},\"headline\":\"CIRCULAR NO 007 &#8211; FUNCIONAMIENTO DE LA SEDE NORTE Y AJUSTES DE HORARIOS DE CLASE\",\"datePublished\":\"2026-04-29T16:40:48+00:00\",\"dateModified\":\"2026-04-29T17:16:13+00:00\",\"mainEntityOfPage\":{\"@id\":\"https:\\\/\\\/ensst.edu.co\\\/ens\\\/2026\\\/04\\\/29\\\/circular-no-007-funcionamiento-de-la-sede-norte-y-ajustes-de-horarios-de-clase\\\/\"},\"wordCount\":624,\"publisher\":{\"@id\":\"https:\\\/\\\/ensst.edu.co\\\/ens\\\/#organization\"},\"image\":{\"@id\":\"https:\\\/\\\/ensst.edu.co\\\/ens\\\/2026\\\/04\\\/29\\\/circular-no-007-funcionamiento-de-la-sede-norte-y-ajustes-de-horarios-de-clase\\\/#primaryimage\"},\"thumbnailUrl\":\"https:\\\/\\\/ensst.edu.co\\\/ens\\\/wp-content\\\/uploads\\\/2026\\\/01\\\/CIRCULAR.jpg\",\"articleSection\":[\"CIRCULARES\"],\"inLanguage\":\"es\"},{\"@type\":\"WebPage\",\"@id\":\"https:\\\/\\\/ensst.edu.co\\\/ens\\\/2026\\\/04\\\/29\\\/circular-no-007-funcionamiento-de-la-sede-norte-y-ajustes-de-horarios-de-clase\\\/\",\"url\":\"https:\\\/\\\/ensst.edu.co\\\/ens\\\/2026\\\/04\\\/29\\\/circular-no-007-funcionamiento-de-la-sede-norte-y-ajustes-de-horarios-de-clase\\\/\",\"name\":\"CIRCULAR NO 007 - FUNCIONAMIENTO DE LA SEDE NORTE Y AJUSTES DE HORARIOS DE CLASE - ESCUELA NORMAL SUPERIOR SANTIAGO DE TUNJA\",\"isPartOf\":{\"@id\":\"https:\\\/\\\/ensst.edu.co\\\/ens\\\/#website\"},\"primaryImageOfPage\":{\"@id\":\"https:\\\/\\\/ensst.edu.co\\\/ens\\\/2026\\\/04\\\/29\\\/circular-no-007-funcionamiento-de-la-sede-norte-y-ajustes-de-horarios-de-clase\\\/#primaryimage\"},\"image\":{\"@id\":\"https:\\\/\\\/ensst.edu.co\\\/ens\\\/2026\\\/04\\\/29\\\/circular-no-007-funcionamiento-de-la-sede-norte-y-ajustes-de-horarios-de-clase\\\/#primaryimage\"},\"thumbnailUrl\":\"https:\\\/\\\/ensst.edu.co\\\/ens\\\/wp-content\\\/uploads\\\/2026\\\/01\\\/CIRCULAR.jpg\",\"datePublished\":\"2026-04-29T16:40:48+00:00\",\"dateModified\":\"2026-04-29T17:16:13+00:00\",\"breadcrumb\":{\"@id\":\"https:\\\/\\\/ensst.edu.co\\\/ens\\\/2026\\\/04\\\/29\\\/circular-no-007-funcionamiento-de-la-sede-norte-y-ajustes-de-horarios-de-clase\\\/#breadcrumb\"},\"inLanguage\":\"es\",\"potentialAction\":[{\"@type\":\"ReadAction\",\"target\":[\"https:\\\/\\\/ensst.edu.co\\\/ens\\\/2026\\\/04\\\/29\\\/circular-no-007-funcionamiento-de-la-sede-norte-y-ajustes-de-horarios-de-clase\\\/\"]}]},{\"@type\":\"ImageObject\",\"inLanguage\":\"es\",\"@id\":\"https:\\\/\\\/ensst.edu.co\\\/ens\\\/2026\\\/04\\\/29\\\/circular-no-007-funcionamiento-de-la-sede-norte-y-ajustes-de-horarios-de-clase\\\/#primaryimage\",\"url\":\"https:\\\/\\\/ensst.edu.co\\\/ens\\\/wp-content\\\/uploads\\\/2026\\\/01\\\/CIRCULAR.jpg\",\"contentUrl\":\"https:\\\/\\\/ensst.edu.co\\\/ens\\\/wp-content\\\/uploads\\\/2026\\\/01\\\/CIRCULAR.jpg\",\"width\":538,\"height\":306},{\"@type\":\"BreadcrumbList\",\"@id\":\"https:\\\/\\\/ensst.edu.co\\\/ens\\\/2026\\\/04\\\/29\\\/circular-no-007-funcionamiento-de-la-sede-norte-y-ajustes-de-horarios-de-clase\\\/#breadcrumb\",\"itemListElement\":[{\"@type\":\"ListItem\",\"position\":1,\"name\":\"Portada\",\"item\":\"https:\\\/\\\/ensst.edu.co\\\/ens\\\/\"},{\"@type\":\"ListItem\",\"position\":2,\"name\":\"CIRCULAR NO 007 &#8211; FUNCIONAMIENTO DE LA SEDE NORTE Y AJUSTES DE HORARIOS DE CLASE\"}]},{\"@type\":\"WebSite\",\"@id\":\"https:\\\/\\\/ensst.edu.co\\\/ens\\\/#website\",\"url\":\"https:\\\/\\\/ensst.edu.co\\\/ens\\\/\",\"name\":\"ESCUELA NORMAL SUPERIOR SANTIAGO DE TUNJA\",\"description\":\"TUNJA - BOYAC\u00c1\",\"publisher\":{\"@id\":\"https:\\\/\\\/ensst.edu.co\\\/ens\\\/#organization\"},\"potentialAction\":[{\"@type\":\"SearchAction\",\"target\":{\"@type\":\"EntryPoint\",\"urlTemplate\":\"https:\\\/\\\/ensst.edu.co\\\/ens\\\/?s={search_term_string}\"},\"query-input\":{\"@type\":\"PropertyValueSpecification\",\"valueRequired\":true,\"valueName\":\"search_term_string\"}}],\"inLanguage\":\"es\"},{\"@type\":\"Organization\",\"@id\":\"https:\\\/\\\/ensst.edu.co\\\/ens\\\/#organization\",\"name\":\"ESCUELA NORMAL SUPERIOR SANTIAGO DE TUNJA\",\"url\":\"https:\\\/\\\/ensst.edu.co\\\/ens\\\/\",\"logo\":{\"@type\":\"ImageObject\",\"inLanguage\":\"es\",\"@id\":\"https:\\\/\\\/ensst.edu.co\\\/ens\\\/#\\\/schema\\\/logo\\\/image\\\/\",\"url\":\"https:\\\/\\\/ensst.edu.co\\\/ens\\\/wp-content\\\/uploads\\\/2020\\\/05\\\/cropped-Escudo-1.png\",\"contentUrl\":\"https:\\\/\\\/ensst.edu.co\\\/ens\\\/wp-content\\\/uploads\\\/2020\\\/05\\\/cropped-Escudo-1.png\",\"width\":512,\"height\":512,\"caption\":\"ESCUELA NORMAL SUPERIOR SANTIAGO DE TUNJA\"},\"image\":{\"@id\":\"https:\\\/\\\/ensst.edu.co\\\/ens\\\/#\\\/schema\\\/logo\\\/image\\\/\"}},{\"@type\":\"Person\",\"@id\":\"https:\\\/\\\/ensst.edu.co\\\/ens\\\/#\\\/schema\\\/person\\\/8d2641fc7ac8d6c94185f26ebd409116\",\"name\":\"ensstedu\",\"image\":{\"@type\":\"ImageObject\",\"inLanguage\":\"es\",\"@id\":\"https:\\\/\\\/secure.gravatar.com\\\/avatar\\\/e749275d06ff58ffd0d716ba1502b0092da49d07e52fc6801cf7d095f41ca27e?s=96&d=mm&r=g\",\"url\":\"https:\\\/\\\/secure.gravatar.com\\\/avatar\\\/e749275d06ff58ffd0d716ba1502b0092da49d07e52fc6801cf7d095f41ca27e?s=96&d=mm&r=g\",\"contentUrl\":\"https:\\\/\\\/secure.gravatar.com\\\/avatar\\\/e749275d06ff58ffd0d716ba1502b0092da49d07e52fc6801cf7d095f41ca27e?s=96&d=mm&r=g\",\"caption\":\"ensstedu\"},\"sameAs\":[\"https:\\\/\\\/ensst.edu.co\\\/ens\"],\"url\":\"https:\\\/\\\/ensst.edu.co\\\/ens\\\/author\\\/ensstedu\\\/\"}]}<\/script>\n<!-- \/ Yoast SEO Premium plugin. -->","yoast_head_json":{"title":"CIRCULAR NO 007 - FUNCIONAMIENTO DE LA SEDE NORTE Y AJUSTES DE HORARIOS DE CLASE - ESCUELA NORMAL SUPERIOR SANTIAGO DE TUNJA","robots":{"index":"index","follow":"follow","max-snippet":"max-snippet:-1","max-image-preview":"max-image-preview:large","max-video-preview":"max-video-preview:-1"},"canonical":"https:\/\/ensst.edu.co\/ens\/2026\/04\/29\/circular-no-007-funcionamiento-de-la-sede-norte-y-ajustes-de-horarios-de-clase\/","og_locale":"es_ES","og_type":"article","og_title":"CIRCULAR NO 007 - FUNCIONAMIENTO DE LA SEDE NORTE Y AJUSTES DE HORARIOS DE CLASE","og_description":"Circular N\u00b0 007 \u00b7 29 de Abril de 2026 \u00b7 ENSST Alcald\u00eda Mayor de Tunja Secretar\u00eda de Educaci\u00f3n Territorial Escuela Normal Superior Santiago de Tunja ENSST 2026 Circular N\u00b0 007 &nbsp;\u00b7&nbsp; 29 de abril de 2026 Fecha 29 de abril de 2026 De Rector\u00eda Para Padres de familia y comunidad educativa en general Asunto Funcionamiento [&hellip;]","og_url":"https:\/\/ensst.edu.co\/ens\/2026\/04\/29\/circular-no-007-funcionamiento-de-la-sede-norte-y-ajustes-de-horarios-de-clase\/","og_site_name":"ESCUELA NORMAL SUPERIOR SANTIAGO DE TUNJA","article_published_time":"2026-04-29T16:40:48+00:00","article_modified_time":"2026-04-29T17:16:13+00:00","og_image":[{"width":538,"height":306,"url":"https:\/\/ensst.edu.co\/ens\/wp-content\/uploads\/2026\/01\/CIRCULAR.jpg","type":"image\/jpeg"}],"author":"ensstedu","twitter_card":"summary_large_image","twitter_misc":{"Escrito por":"ensstedu","Tiempo de lectura":"3 minutos"},"schema":{"@context":"https:\/\/schema.org","@graph":[{"@type":"Article","@id":"https:\/\/ensst.edu.co\/ens\/2026\/04\/29\/circular-no-007-funcionamiento-de-la-sede-norte-y-ajustes-de-horarios-de-clase\/#article","isPartOf":{"@id":"https:\/\/ensst.edu.co\/ens\/2026\/04\/29\/circular-no-007-funcionamiento-de-la-sede-norte-y-ajustes-de-horarios-de-clase\/"},"author":{"name":"ensstedu","@id":"https:\/\/ensst.edu.co\/ens\/#\/schema\/person\/8d2641fc7ac8d6c94185f26ebd409116"},"headline":"CIRCULAR NO 007 &#8211; FUNCIONAMIENTO DE LA SEDE NORTE Y AJUSTES DE HORARIOS DE CLASE","datePublished":"2026-04-29T16:40:48+00:00","dateModified":"2026-04-29T17:16:13+00:00","mainEntityOfPage":{"@id":"https:\/\/ensst.edu.co\/ens\/2026\/04\/29\/circular-no-007-funcionamiento-de-la-sede-norte-y-ajustes-de-horarios-de-clase\/"},"wordCount":624,"publisher":{"@id":"https:\/\/ensst.edu.co\/ens\/#organization"},"image":{"@id":"https:\/\/ensst.edu.co\/ens\/2026\/04\/29\/circular-no-007-funcionamiento-de-la-sede-norte-y-ajustes-de-horarios-de-clase\/#primaryimage"},"thumbnailUrl":"https:\/\/ensst.edu.co\/ens\/wp-content\/uploads\/2026\/01\/CIRCULAR.jpg","articleSection":["CIRCULARES"],"inLanguage":"es"},{"@type":"WebPage","@id":"https:\/\/ensst.edu.co\/ens\/2026\/04\/29\/circular-no-007-funcionamiento-de-la-sede-norte-y-ajustes-de-horarios-de-clase\/","url":"https:\/\/ensst.edu.co\/ens\/2026\/04\/29\/circular-no-007-funcionamiento-de-la-sede-norte-y-ajustes-de-horarios-de-clase\/","name":"CIRCULAR NO 007 - FUNCIONAMIENTO DE LA SEDE NORTE Y AJUSTES DE HORARIOS DE CLASE - ESCUELA NORMAL SUPERIOR SANTIAGO DE TUNJA","isPartOf":{"@id":"https:\/\/ensst.edu.co\/ens\/#website"},"primaryImageOfPage":{"@id":"https:\/\/ensst.edu.co\/ens\/2026\/04\/29\/circular-no-007-funcionamiento-de-la-sede-norte-y-ajustes-de-horarios-de-clase\/#primaryimage"},"image":{"@id":"https:\/\/ensst.edu.co\/ens\/2026\/04\/29\/circular-no-007-funcionamiento-de-la-sede-norte-y-ajustes-de-horarios-de-clase\/#primaryimage"},"thumbnailUrl":"https:\/\/ensst.edu.co\/ens\/wp-content\/uploads\/2026\/01\/CIRCULAR.jpg","datePublished":"2026-04-29T16:40:48+00:00","dateModified":"2026-04-29T17:16:13+00:00","breadcrumb":{"@id":"https:\/\/ensst.edu.co\/ens\/2026\/04\/29\/circular-no-007-funcionamiento-de-la-sede-norte-y-ajustes-de-horarios-de-clase\/#breadcrumb"},"inLanguage":"es","potentialAction":[{"@type":"ReadAction","target":["https:\/\/ensst.edu.co\/ens\/2026\/04\/29\/circular-no-007-funcionamiento-de-la-sede-norte-y-ajustes-de-horarios-de-clase\/"]}]},{"@type":"ImageObject","inLanguage":"es","@id":"https:\/\/ensst.edu.co\/ens\/2026\/04\/29\/circular-no-007-funcionamiento-de-la-sede-norte-y-ajustes-de-horarios-de-clase\/#primaryimage","url":"https:\/\/ensst.edu.co\/ens\/wp-content\/uploads\/2026\/01\/CIRCULAR.jpg","contentUrl":"https:\/\/ensst.edu.co\/ens\/wp-content\/uploads\/2026\/01\/CIRCULAR.jpg","width":538,"height":306},{"@type":"BreadcrumbList","@id":"https:\/\/ensst.edu.co\/ens\/2026\/04\/29\/circular-no-007-funcionamiento-de-la-sede-norte-y-ajustes-de-horarios-de-clase\/#breadcrumb","itemListElement":[{"@type":"ListItem","position":1,"name":"Portada","item":"https:\/\/ensst.edu.co\/ens\/"},{"@type":"ListItem","position":2,"name":"CIRCULAR NO 007 &#8211; FUNCIONAMIENTO DE LA SEDE NORTE Y AJUSTES DE HORARIOS DE CLASE"}]},{"@type":"WebSite","@id":"https:\/\/ensst.edu.co\/ens\/#website","url":"https:\/\/ensst.edu.co\/ens\/","name":"ESCUELA NORMAL SUPERIOR SANTIAGO DE TUNJA","description":"TUNJA - BOYAC\u00c1","publisher":{"@id":"https:\/\/ensst.edu.co\/ens\/#organization"},"potentialAction":[{"@type":"SearchAction","target":{"@type":"EntryPoint","urlTemplate":"https:\/\/ensst.edu.co\/ens\/?s={search_term_string}"},"query-input":{"@type":"PropertyValueSpecification","valueRequired":true,"valueName":"search_term_string"}}],"inLanguage":"es"},{"@type":"Organization","@id":"https:\/\/ensst.edu.co\/ens\/#organization","name":"ESCUELA NORMAL SUPERIOR SANTIAGO DE TUNJA","url":"https:\/\/ensst.edu.co\/ens\/","logo":{"@type":"ImageObject","inLanguage":"es","@id":"https:\/\/ensst.edu.co\/ens\/#\/schema\/logo\/image\/","url":"https:\/\/ensst.edu.co\/ens\/wp-content\/uploads\/2020\/05\/cropped-Escudo-1.png","contentUrl":"https:\/\/ensst.edu.co\/ens\/wp-content\/uploads\/2020\/05\/cropped-Escudo-1.png","width":512,"height":512,"caption":"ESCUELA NORMAL SUPERIOR SANTIAGO DE TUNJA"},"image":{"@id":"https:\/\/ensst.edu.co\/ens\/#\/schema\/logo\/image\/"}},{"@type":"Person","@id":"https:\/\/ensst.edu.co\/ens\/#\/schema\/person\/8d2641fc7ac8d6c94185f26ebd409116","name":"ensstedu","image":{"@type":"ImageObject","inLanguage":"es","@id":"https:\/\/secure.gravatar.com\/avatar\/e749275d06ff58ffd0d716ba1502b0092da49d07e52fc6801cf7d095f41ca27e?s=96&d=mm&r=g","url":"https:\/\/secure.gravatar.com\/avatar\/e749275d06ff58ffd0d716ba1502b0092da49d07e52fc6801cf7d095f41ca27e?s=96&d=mm&r=g","contentUrl":"https:\/\/secure.gravatar.com\/avatar\/e749275d06ff58ffd0d716ba1502b0092da49d07e52fc6801cf7d095f41ca27e?s=96&d=mm&r=g","caption":"ensstedu"},"sameAs":["https:\/\/ensst.edu.co\/ens"],"url":"https:\/\/ensst.edu.co\/ens\/author\/ensstedu\/"}]}},"_links":{"self":[{"href":"https:\/\/ensst.edu.co\/ens\/wp-json\/wp\/v2\/posts\/10334","targetHints":{"allow":["GET"]}}],"collection":[{"href":"https:\/\/ensst.edu.co\/ens\/wp-json\/wp\/v2\/posts"}],"about":[{"href":"https:\/\/ensst.edu.co\/ens\/wp-json\/wp\/v2\/types\/post"}],"author":[{"embeddable":true,"href":"https:\/\/ensst.edu.co\/ens\/wp-json\/wp\/v2\/users\/1"}],"replies":[{"embeddable":true,"href":"https:\/\/ensst.edu.co\/ens\/wp-json\/wp\/v2\/comments?post=10334"}],"version-history":[{"count":28,"href":"https:\/\/ensst.edu.co\/ens\/wp-json\/wp\/v2\/posts\/10334\/revisions"}],"predecessor-version":[{"id":10366,"href":"https:\/\/ensst.edu.co\/ens\/wp-json\/wp\/v2\/posts\/10334\/revisions\/10366"}],"wp:featuredmedia":[{"embeddable":true,"href":"https:\/\/ensst.edu.co\/ens\/wp-json\/wp\/v2\/media\/9778"}],"wp:attachment":[{"href":"https:\/\/ensst.edu.co\/ens\/wp-json\/wp\/v2\/media?parent=10334"}],"wp:term":[{"taxonomy":"category","embeddable":true,"href":"https:\/\/ensst.edu.co\/ens\/wp-json\/wp\/v2\/categories?post=10334"},{"taxonomy":"post_tag","embeddable":true,"href":"https:\/\/ensst.edu.co\/ens\/wp-json\/wp\/v2\/tags?post=10334"}],"curies":[{"name":"wp","href":"https:\/\/api.w.org\/{rel}","templated":true}]}}