{"id":10321,"date":"2026-04-27T16:34:23","date_gmt":"2026-04-27T21:34:23","guid":{"rendered":"https:\/\/ensst.edu.co\/ens\/?p=10321"},"modified":"2026-04-27T16:37:48","modified_gmt":"2026-04-27T21:37:48","slug":"comunicado-27-de-abril-de-2026-ajuste-de-horarios","status":"publish","type":"post","link":"https:\/\/ensst.edu.co\/ens\/2026\/04\/27\/comunicado-27-de-abril-de-2026-ajuste-de-horarios\/","title":{"rendered":"COMUNICADO 27 DE ABRIL DE 2026- AJUSTE DE HORARIOS"},"content":{"rendered":"\t\t<div data-elementor-type=\"wp-post\" data-elementor-id=\"10321\" class=\"elementor elementor-10321\" data-elementor-post-type=\"post\">\n\t\t\t\t<div class=\"elementor-element elementor-element-78c9825c e-flex e-con-boxed e-con e-parent\" data-id=\"78c9825c\" data-element_type=\"container\" data-e-type=\"container\">\n\t\t\t\t\t<div class=\"e-con-inner\">\n\t\t\t\t<div class=\"elementor-element elementor-element-61ddd775 elementor-widget elementor-widget-text-editor\" data-id=\"61ddd775\" data-element_type=\"widget\" data-e-type=\"widget\" data-widget_type=\"text-editor.default\">\n\t\t\t\t<div class=\"elementor-widget-container\">\n\t\t\t\t\t\t\t\t\t\n<p><\/p>\n\n\n\n<p><\/p>\n\t\t\t\t\t\t\t\t<\/div>\n\t\t\t\t<\/div>\n\t\t\t\t\t<\/div>\n\t\t\t\t<\/div>\n\t\t<div class=\"elementor-element elementor-element-3f692ac e-flex e-con-boxed e-con e-parent\" data-id=\"3f692ac\" data-element_type=\"container\" data-e-type=\"container\">\n\t\t\t\t\t<div class=\"e-con-inner\">\n\t\t\t\t<div class=\"elementor-element elementor-element-071273e elementor-widget elementor-widget-html\" data-id=\"071273e\" data-element_type=\"widget\" data-e-type=\"widget\" data-widget_type=\"html.default\">\n\t\t\t\t<div class=\"elementor-widget-container\">\n\t\t\t\t\t<!DOCTYPE html>\n<html lang=\"es\">\n<head>\n<meta charset=\"UTF-8\">\n<meta name=\"viewport\" content=\"width=device-width, initial-scale=1.0\">\n<title>Comunicado \u00b7 27 de Abril de 2026 \u00b7 ENSST<\/title>\n<link href=\"https:\/\/fonts.googleapis.com\/css2?family=Cormorant+Garamond:ital,wght@0,400;0,500;0,600;0,700;1,400;1,600&family=DM+Sans:wght@300;400;500;600&display=swap\" rel=\"stylesheet\">\n<style>\n\n*, *::before, *::after { margin: 0; padding: 0; box-sizing: border-box; }\n\n:root {\n  --azul:       #C8DCF0;\n  --azul-mid:   #A3C4E8;\n  --azul-deep:  #4A7FAF;\n  --azul-texto: #1E3A5F;\n  --rojo:       #F2C4C4;\n  --rojo-mid:   #E8A0A0;\n  --rojo-deep:  #B85C5C;\n  --verde:      #C6E8D8;\n  --verde-deep: #3A8A62;\n  --crema:      #FAFBFD;\n  --gris:       #8898AA;\n  --oscuro:     #1A2D45;\n  --blanco:     #ffffff;\n}\n\nhtml { scroll-behavior: smooth; }\n\nbody {\n  font-family: 'DM Sans', sans-serif;\n  background: var(--crema);\n  min-height: 100vh;\n  display: flex;\n  align-items: flex-start;\n  justify-content: center;\n  padding: 48px 20px 64px;\n}\n\n.com-page { width: 100%; max-width: 780px; }\n\n\/* \u2500\u2500 Membrete \u2500\u2500 *\/\n.com-membrete {\n  text-align: center; margin-bottom: 48px;\n  animation: fadeDown 0.7s both;\n}\n\n@keyframes fadeDown {\n  from { opacity: 0; transform: translateY(-12px); }\n  to   { opacity: 1; transform: translateY(0); }\n}\n\n.com-escudo { width: 64px; height: auto; margin: 0 auto 14px; display: block; }\n\n.com-inst-nombre {\n  font-family: 'Cormorant Garamond', serif;\n  font-size: 13px; font-weight: 500;\n  letter-spacing: 0.5px; color: var(--gris); line-height: 1.8;\n}\n\n\/* \u2500\u2500 Tarjeta \u2500\u2500 *\/\n.com-card {\n  background: var(--blanco); border-radius: 28px; overflow: hidden;\n  box-shadow: 0 2px 4px rgba(74,127,175,0.06), 0 12px 48px rgba(74,127,175,0.08), 0 1px 2px rgba(0,0,0,0.04);\n  animation: fadeUp 0.8s 0.15s both;\n}\n\n@keyframes fadeUp {\n  from { opacity: 0; transform: translateY(20px); }\n  to   { opacity: 1; transform: translateY(0); }\n}\n\n\/* \u2500\u2500 Header \u2500\u2500 *\/\n.com-header {\n  background: linear-gradient(160deg, var(--azul) 0%, #daeaf8 60%, #f0e8f2 100%);\n  padding: 52px 52px 44px;\n  position: relative; overflow: hidden; text-align: center;\n}\n\n.com-header::before {\n  content: ''; position: absolute; top: -60px; right: -60px;\n  width: 260px; height: 260px; border-radius: 50%;\n  background: radial-gradient(circle, rgba(255,255,255,0.5) 0%, transparent 70%);\n  pointer-events: none;\n}\n\n.com-header::after {\n  content: ''; position: absolute; bottom: -40px; left: -40px;\n  width: 200px; height: 200px; border-radius: 50%;\n  background: radial-gradient(circle, rgba(242,196,196,0.35) 0%, transparent 70%);\n  pointer-events: none;\n}\n\n.com-chip {\n  display: inline-flex; align-items: center; gap: 8px;\n  background: var(--blanco); border-radius: 100px;\n  padding: 7px 18px; font-size: 10px; font-weight: 600;\n  letter-spacing: 3px; text-transform: uppercase; color: var(--azul-deep);\n  margin-bottom: 20px; box-shadow: 0 2px 12px rgba(74,127,175,0.12);\n  position: relative; z-index: 1;\n}\n\n.com-chip-dot { width: 6px; height: 6px; border-radius: 50%; background: var(--rojo-deep); flex-shrink: 0; }\n\n.com-titulo {\n  font-family: 'Cormorant Garamond', serif;\n  font-size: clamp(38px, 6vw, 58px); font-weight: 700; line-height: 1.0;\n  color: var(--azul-texto); position: relative; z-index: 1;\n  margin-bottom: 6px; letter-spacing: -0.5px;\n}\n\n.com-numero {\n  font-family: 'Cormorant Garamond', serif;\n  font-size: 17px; font-style: italic;\n  color: var(--azul-deep); opacity: 0.7;\n  position: relative; z-index: 1; margin-top: 8px;\n}\n\n.com-header-bar {\n  position: absolute; bottom: 0; left: 0; right: 0; height: 4px;\n  background: linear-gradient(90deg, var(--azul-mid) 0%, var(--rojo-mid) 50%, var(--azul-mid) 100%);\n}\n\n\/* \u2500\u2500 Metadatos \u2500\u2500 *\/\n.com-meta { padding: 0 52px; border-bottom: 1px solid #F0F4F8; }\n\n.com-meta-row {\n  display: flex; align-items: baseline; gap: 16px;\n  padding: 17px 0; border-bottom: 1px solid #F4F7FA;\n}\n\n.com-meta-row:last-child { border-bottom: none; }\n\n.com-meta-label {\n  font-size: 10px; font-weight: 700; letter-spacing: 2.5px;\n  text-transform: uppercase; color: var(--rojo-deep);\n  min-width: 70px; flex-shrink: 0; padding-top: 2px;\n}\n\n.com-meta-valor { font-size: 15px; font-weight: 500; color: var(--oscuro); line-height: 1.5; }\n\n\/* \u2500\u2500 Asunto \u2500\u2500 *\/\n.com-asunto-destacado {\n  margin: 28px 52px 0; padding: 22px 28px;\n  background: linear-gradient(135deg, #EDF4FB 0%, #F9EAEA 100%);\n  border-radius: 16px; display: flex; align-items: center; gap: 18px;\n}\n\n.com-asunto-icon {\n  width: 44px; height: 44px; border-radius: 12px; background: var(--blanco);\n  display: flex; align-items: center; justify-content: center;\n  flex-shrink: 0; box-shadow: 0 2px 8px rgba(74,127,175,0.1);\n}\n\n.com-asunto-icon svg { width: 20px; height: 20px; color: var(--azul-deep); }\n.com-asunto-label { font-size: 10px; font-weight: 700; letter-spacing: 2.5px; text-transform: uppercase; color: var(--rojo-deep); display: block; margin-bottom: 5px; }\n.com-asunto-texto { font-size: 14px; font-weight: 600; color: var(--azul-texto); line-height: 1.45; }\n\n\/* \u2500\u2500 Cuerpo \u2500\u2500 *\/\n.com-body { padding: 40px 52px; }\n\n.com-parrafo { font-size: 15.5px; color: #4A5568; line-height: 1.85; font-weight: 300; margin-bottom: 32px; }\n.com-parrafo strong { color: var(--oscuro); font-weight: 600; }\n\n\/* \u2500\u2500 Bloque de d\u00eda \u2500\u2500 *\/\n.com-dia-block { margin-bottom: 24px; }\n\n.com-dia-titulo {\n  display: flex; align-items: center; gap: 12px;\n  margin-bottom: 12px;\n}\n\n.com-dia-pill {\n  display: inline-flex; align-items: center; gap: 8px;\n  padding: 7px 18px; border-radius: 100px;\n  font-size: 11px; font-weight: 700; letter-spacing: 2px;\n  text-transform: uppercase;\n}\n\n.com-dia-pill--lunes    { background: #EDF4FB; color: #2563AB; }\n.com-dia-pill--martes   { background: #F3F0FB; color: #6D28D9; }\n.com-dia-pill--miercoles{ background: #FDF4E7; color: #B45309; }\n.com-dia-pill--jueves   { background: #F0FBF4; color: var(--verde-deep); }\n.com-dia-pill--viernes  { background: #FDF0F0; color: var(--rojo-deep); }\n\n.com-dia-pill-dot { width: 6px; height: 6px; border-radius: 50%; background: currentColor; flex-shrink: 0; }\n\n.com-dia-line { flex: 1; height: 1px; background: #EDF2F7; }\n\n\/* Grid de cursos *\/\n.com-cursos-grid {\n  display: grid;\n  grid-template-columns: repeat(auto-fill, minmax(300px, 1fr));\n  gap: 10px;\n}\n\n.com-curso-row {\n  display: flex; align-items: center; gap: 14px;\n  padding: 13px 16px; border-radius: 12px;\n  background: #F8FAFC; border: 1px solid #EDF2F7;\n  transition: background 0.2s ease;\n}\n\n.com-curso-row:hover { background: #EFF5FB; }\n\n.com-curso-badge {\n  font-family: 'Cormorant Garamond', serif;\n  font-size: 20px; font-weight: 700;\n  color: var(--azul-deep); min-width: 48px;\n  flex-shrink: 0; line-height: 1;\n}\n\n.com-curso-divider { width: 1px; height: 28px; background: #DDE6F0; flex-shrink: 0; }\n\n.com-curso-info { flex: 1; }\n\n.com-curso-inicio {\n  font-size: 12px; font-weight: 500; color: var(--gris);\n  display: block; line-height: 1.4;\n}\n\n.com-curso-fin {\n  font-size: 12px; font-weight: 500; color: var(--gris);\n  display: block; line-height: 1.4;\n}\n\n.com-curso-inicio span, .com-curso-fin span {\n  font-weight: 700; color: var(--oscuro);\n}\n\n\/* Hora especial en rojo *\/\n.com-curso-row--temprano .com-curso-badge { color: var(--rojo-deep); }\n.com-curso-row--temprano { border-color: #F2C4C4; background: #FDF8F8; }\n.com-curso-row--temprano:hover { background: #FDF0F0; }\n\n\/* \u2500\u2500 Nota \u2500\u2500 *\/\n.com-nota {\n  background: #F8FAFC; border-radius: 12px;\n  padding: 18px 22px; font-size: 14px;\n  color: var(--gris); font-style: italic;\n  line-height: 1.7; border: 1px solid #EDF2F7;\n  margin-top: 8px;\n}\n\n\/* \u2500\u2500 Firma \u2500\u2500 *\/\n.com-firma { padding: 0 52px 44px; text-align: center; }\n\n.com-firma-divider { display: flex; align-items: center; gap: 16px; margin-bottom: 32px; }\n\n.com-firma-line { flex: 1; height: 1px; background: linear-gradient(90deg, transparent, var(--azul-mid)); }\n.com-firma-line.rev { background: linear-gradient(90deg, var(--azul-mid), transparent); }\n.com-firma-diamond { width: 8px; height: 8px; background: var(--rojo-mid); transform: rotate(45deg); flex-shrink: 0; }\n\n.com-firma-nombre { font-family: 'Cormorant Garamond', serif; font-size: 24px; font-weight: 700; color: var(--azul-texto); letter-spacing: 0.3px; margin-bottom: 4px; }\n.com-firma-cargo { font-size: 11px; font-weight: 600; letter-spacing: 3px; text-transform: uppercase; color: var(--azul-deep); }\n\n.com-footer-bar {\n  height: 6px;\n  background: linear-gradient(90deg, var(--azul-mid) 0%, var(--azul) 33%, var(--rojo) 66%, var(--rojo-mid) 100%);\n}\n\n.com-pie { text-align: center; margin-top: 28px; font-size: 11px; color: #B0BEC8; letter-spacing: 0.5px; animation: fadeUp 0.8s 0.4s both; }\n\n\/* \u2500\u2500 Responsive \u2500\u2500 *\/\n@media (max-width: 620px) {\n  body { padding: 24px 12px 40px; }\n  .com-header { padding: 40px 28px 36px; }\n  .com-meta { padding: 0 28px; }\n  .com-asunto-destacado { margin: 20px 28px 0; padding: 18px 20px; }\n  .com-body { padding: 32px 28px; }\n  .com-firma { padding: 0 28px 36px; }\n  .com-cursos-grid { grid-template-columns: 1fr; }\n}\n\n@media (max-width: 420px) {\n  .com-header { padding: 32px 20px 28px; }\n  .com-meta { padding: 0 20px; }\n  .com-asunto-destacado { margin: 16px 20px 0; padding: 14px 16px; gap: 12px; }\n  .com-body { padding: 24px 20px; }\n  .com-firma { padding: 0 20px 30px; }\n}\n<\/style>\n<\/head>\n<body>\n\n<div class=\"com-page\">\n\n  <!-- Membrete -->\n  <div class=\"com-membrete\">\n    <img decoding=\"async\" class=\"com-escudo\" src=\"https:\/\/ensst.edu.co\/ens\/wp-content\/uploads\/2020\/05\/cropped-Escudo-1.png\" alt=\"Escudo ENSST\" onerror=\"this.style.display='none'\"\/>\n    <p class=\"com-inst-nombre\">\n      Alcald\u00eda Mayor de Tunja<br>\n      Secretar\u00eda de Educaci\u00f3n Territorial<br>\n      Escuela Normal Superior Santiago de Tunja\n    <\/p>\n  <\/div>\n\n  <div class=\"com-card\">\n\n    <!-- Header -->\n    <div class=\"com-header\">\n      <div class=\"com-chip\"><span class=\"com-chip-dot\"><\/span>Documento oficial<\/div>\n      <h1 class=\"com-titulo\">Comunicado<\/h1>\n      <p class=\"com-numero\">27 de abril de 2026<\/p>\n      <div class=\"com-header-bar\"><\/div>\n    <\/div>\n\n    <!-- Metadatos -->\n    <div class=\"com-meta\">\n      <div class=\"com-meta-row\">\n        <span class=\"com-meta-label\">De<\/span>\n        <span class=\"com-meta-valor\">Rector\u00eda<\/span>\n      <\/div>\n      <div class=\"com-meta-row\">\n        <span class=\"com-meta-label\">Para<\/span>\n        <span class=\"com-meta-valor\">Padres de familia y acudientes de cursos 10-2, 10-3, 10-5, 10-6, 10-7, 10-8, 11-1, 11-3, 11-4, 11-6, 11-7<\/span>\n      <\/div>\n    <\/div>\n\n    <!-- Asunto -->\n    <div class=\"com-asunto-destacado\">\n      <div class=\"com-asunto-icon\">\n        <svg viewBox=\"0 0 24 24\" fill=\"none\" stroke=\"currentColor\" stroke-width=\"2\" stroke-linecap=\"round\" stroke-linejoin=\"round\">\n          <circle cx=\"12\" cy=\"12\" r=\"10\"\/>\n          <polyline points=\"12 6 12 12 16 14\"\/>\n        <\/svg>\n      <\/div>\n      <div>\n        <span class=\"com-asunto-label\">Asunto<\/span>\n        <span class=\"com-asunto-texto\">Ajuste de horarios<\/span>\n      <\/div>\n    <\/div>\n\n    <!-- Cuerpo -->\n    <div class=\"com-body\">\n\n      <p class=\"com-parrafo\">\n        Estimados acudientes y estudiantes, debido a circunstancias administrativas relacionadas con la ausencia temporal de algunos docentes, nos permitimos informar que se han realizado <strong>ajustes provisionales<\/strong> en el horario de los cursos y ser\u00e1n aplicados mientras se normaliza la situaci\u00f3n as\u00ed:\n      <\/p>\n\n      <!-- LUNES -->\n      <div class=\"com-dia-block\">\n        <div class=\"com-dia-titulo\">\n          <span class=\"com-dia-pill com-dia-pill--lunes\"><span class=\"com-dia-pill-dot\"><\/span>Lunes<\/span>\n          <div class=\"com-dia-line\"><\/div>\n        <\/div>\n        <div class=\"com-cursos-grid\">\n          <div class=\"com-curso-row\">\n            <span class=\"com-curso-badge\">10-2<\/span>\n            <div class=\"com-curso-divider\"><\/div>\n            <div class=\"com-curso-info\">\n              <span class=\"com-curso-inicio\">Inicia: <span>8:00 a.m.<\/span><\/span>\n              <span class=\"com-curso-fin\">Finaliza: <span>con normalidad<\/span><\/span>\n            <\/div>\n          <\/div>\n          <div class=\"com-curso-row\">\n            <span class=\"com-curso-badge\">10-3<\/span>\n            <div class=\"com-curso-divider\"><\/div>\n            <div class=\"com-curso-info\">\n              <span class=\"com-curso-inicio\">Inicia: <span>con normalidad<\/span><\/span>\n              <span class=\"com-curso-fin\">Finaliza: <span>11:20 a.m.<\/span><\/span>\n            <\/div>\n          <\/div>\n          <div class=\"com-curso-row\">\n            <span class=\"com-curso-badge\">10-6<\/span>\n            <div class=\"com-curso-divider\"><\/div>\n            <div class=\"com-curso-info\">\n              <span class=\"com-curso-inicio\">Inicia: <span>8:00 a.m.<\/span><\/span>\n              <span class=\"com-curso-fin\">Finaliza: <span>con normalidad<\/span><\/span>\n            <\/div>\n          <\/div>\n          <div class=\"com-curso-row\">\n            <span class=\"com-curso-badge\">11-1<\/span>\n            <div class=\"com-curso-divider\"><\/div>\n            <div class=\"com-curso-info\">\n              <span class=\"com-curso-inicio\">Inicia: <span>con normalidad<\/span><\/span>\n              <span class=\"com-curso-fin\">Finaliza: <span>10:25 a.m.<\/span><\/span>\n            <\/div>\n          <\/div>\n          <div class=\"com-curso-row\">\n            <span class=\"com-curso-badge\">11-4<\/span>\n            <div class=\"com-curso-divider\"><\/div>\n            <div class=\"com-curso-info\">\n              <span class=\"com-curso-inicio\">Inicia: <span>con normalidad<\/span><\/span>\n              <span class=\"com-curso-fin\">Finaliza: <span>10:25 a.m.<\/span><\/span>\n            <\/div>\n          <\/div>\n        <\/div>\n      <\/div>\n\n      <!-- MARTES -->\n      <div class=\"com-dia-block\">\n        <div class=\"com-dia-titulo\">\n          <span class=\"com-dia-pill com-dia-pill--martes\"><span class=\"com-dia-pill-dot\"><\/span>Martes<\/span>\n          <div class=\"com-dia-line\"><\/div>\n        <\/div>\n        <div class=\"com-cursos-grid\">\n          <div class=\"com-curso-row com-curso-row--temprano\">\n            <span class=\"com-curso-badge\">10-3<\/span>\n            <div class=\"com-curso-divider\"><\/div>\n            <div class=\"com-curso-info\">\n              <span class=\"com-curso-inicio\">Inicia: <span>7:00 a.m.<\/span><\/span>\n              <span class=\"com-curso-fin\">Finaliza: <span>11:20 a.m.<\/span><\/span>\n            <\/div>\n          <\/div>\n          <div class=\"com-curso-row com-curso-row--temprano\">\n            <span class=\"com-curso-badge\">10-5<\/span>\n            <div class=\"com-curso-divider\"><\/div>\n            <div class=\"com-curso-info\">\n              <span class=\"com-curso-inicio\">Inicia: <span>7:00 a.m.<\/span><\/span>\n              <span class=\"com-curso-fin\">Finaliza: <span>con normalidad<\/span><\/span>\n            <\/div>\n          <\/div>\n          <div class=\"com-curso-row com-curso-row--temprano\">\n            <span class=\"com-curso-badge\">10-6<\/span>\n            <div class=\"com-curso-divider\"><\/div>\n            <div class=\"com-curso-info\">\n              <span class=\"com-curso-inicio\">Inicia: <span>7:00 a.m.<\/span><\/span>\n              <span class=\"com-curso-fin\">Finaliza: <span>con normalidad<\/span><\/span>\n            <\/div>\n          <\/div>\n          <div class=\"com-curso-row\">\n            <span class=\"com-curso-badge\">10-7<\/span>\n            <div class=\"com-curso-divider\"><\/div>\n            <div class=\"com-curso-info\">\n              <span class=\"com-curso-inicio\">Inicia: <span>8:00 a.m.<\/span><\/span>\n              <span class=\"com-curso-fin\">Finaliza: <span>11:20 a.m.<\/span><\/span>\n            <\/div>\n          <\/div>\n        <\/div>\n      <\/div>\n\n      <!-- MI\u00c9RCOLES -->\n      <div class=\"com-dia-block\">\n        <div class=\"com-dia-titulo\">\n          <span class=\"com-dia-pill com-dia-pill--miercoles\"><span class=\"com-dia-pill-dot\"><\/span>Mi\u00e9rcoles<\/span>\n          <div class=\"com-dia-line\"><\/div>\n        <\/div>\n        <div class=\"com-cursos-grid\">\n          <div class=\"com-curso-row\">\n            <span class=\"com-curso-badge\">10-3<\/span>\n            <div class=\"com-curso-divider\"><\/div>\n            <div class=\"com-curso-info\">\n              <span class=\"com-curso-inicio\">Inicia: <span>8:00 a.m.<\/span><\/span>\n              <span class=\"com-curso-fin\">Finaliza: <span>con normalidad<\/span><\/span>\n            <\/div>\n          <\/div>\n          <div class=\"com-curso-row\">\n            <span class=\"com-curso-badge\">11-6<\/span>\n            <div class=\"com-curso-divider\"><\/div>\n            <div class=\"com-curso-info\">\n              <span class=\"com-curso-inicio\">Inicia: <span>8:00 a.m.<\/span><\/span>\n              <span class=\"com-curso-fin\">Finaliza: <span>con normalidad<\/span><\/span>\n            <\/div>\n          <\/div>\n          <div class=\"com-curso-row\">\n            <span class=\"com-curso-badge\">11-7<\/span>\n            <div class=\"com-curso-divider\"><\/div>\n            <div class=\"com-curso-info\">\n              <span class=\"com-curso-inicio\">Inicia: <span>con normalidad<\/span><\/span>\n              <span class=\"com-curso-fin\">Finaliza: <span>10:25 a.m.<\/span><\/span>\n            <\/div>\n          <\/div>\n        <\/div>\n      <\/div>\n\n      <!-- JUEVES -->\n      <div class=\"com-dia-block\">\n        <div class=\"com-dia-titulo\">\n          <span class=\"com-dia-pill com-dia-pill--jueves\"><span class=\"com-dia-pill-dot\"><\/span>Jueves<\/span>\n          <div class=\"com-dia-line\"><\/div>\n        <\/div>\n        <div class=\"com-cursos-grid\">\n          <div class=\"com-curso-row\">\n            <span class=\"com-curso-badge\">10-6<\/span>\n            <div class=\"com-curso-divider\"><\/div>\n            <div class=\"com-curso-info\">\n              <span class=\"com-curso-inicio\">Inicia: <span>8:00 a.m.<\/span><\/span>\n              <span class=\"com-curso-fin\">Finaliza: <span>con normalidad<\/span><\/span>\n            <\/div>\n          <\/div>\n          <div class=\"com-curso-row\">\n            <span class=\"com-curso-badge\">10-8<\/span>\n            <div class=\"com-curso-divider\"><\/div>\n            <div class=\"com-curso-info\">\n              <span class=\"com-curso-inicio\">Inicia: <span>con normalidad<\/span><\/span>\n              <span class=\"com-curso-fin\">Finaliza: <span>10:25 a.m.<\/span><\/span>\n            <\/div>\n          <\/div>\n        <\/div>\n      <\/div>\n\n      <!-- VIERNES -->\n      <div class=\"com-dia-block\">\n        <div class=\"com-dia-titulo\">\n          <span class=\"com-dia-pill com-dia-pill--viernes\"><span class=\"com-dia-pill-dot\"><\/span>Viernes<\/span>\n          <div class=\"com-dia-line\"><\/div>\n        <\/div>\n        <div class=\"com-cursos-grid\">\n          <div class=\"com-curso-row\">\n            <span class=\"com-curso-badge\">10-2<\/span>\n            <div class=\"com-curso-divider\"><\/div>\n            <div class=\"com-curso-info\">\n              <span class=\"com-curso-inicio\">Inicia: <span>con normalidad<\/span><\/span>\n              <span class=\"com-curso-fin\">Finaliza: <span>11:20 a.m.<\/span><\/span>\n            <\/div>\n          <\/div>\n          <div class=\"com-curso-row\">\n            <span class=\"com-curso-badge\">10-7<\/span>\n            <div class=\"com-curso-divider\"><\/div>\n            <div class=\"com-curso-info\">\n              <span class=\"com-curso-inicio\">Inicia: <span>8:00 a.m.<\/span><\/span>\n              <span class=\"com-curso-fin\">Finaliza: <span>con normalidad<\/span><\/span>\n            <\/div>\n          <\/div>\n          <div class=\"com-curso-row\">\n            <span class=\"com-curso-badge\">10-8<\/span>\n            <div class=\"com-curso-divider\"><\/div>\n            <div class=\"com-curso-info\">\n              <span class=\"com-curso-inicio\">Inicia: <span>con normalidad<\/span><\/span>\n              <span class=\"com-curso-fin\">Finaliza: <span>11:20 a.m.<\/span><\/span>\n            <\/div>\n          <\/div>\n          <div class=\"com-curso-row\">\n            <span class=\"com-curso-badge\">11-3<\/span>\n            <div class=\"com-curso-divider\"><\/div>\n            <div class=\"com-curso-info\">\n              <span class=\"com-curso-inicio\">Inicia: <span>8:00 a.m.<\/span><\/span>\n              <span class=\"com-curso-fin\">Finaliza: <span>con normalidad<\/span><\/span>\n            <\/div>\n          <\/div>\n          <div class=\"com-curso-row\">\n            <span class=\"com-curso-badge\">11-4<\/span>\n            <div class=\"com-curso-divider\"><\/div>\n            <div class=\"com-curso-info\">\n              <span class=\"com-curso-inicio\">Inicia: <span>con normalidad<\/span><\/span>\n              <span class=\"com-curso-fin\">Finaliza: <span>10:25 a.m.<\/span><\/span>\n            <\/div>\n          <\/div>\n        <\/div>\n      <\/div>\n\n      <div class=\"com-nota\">\n        Estos ajustes son de car\u00e1cter provisional y se aplicar\u00e1n mientras se normaliza la situaci\u00f3n. Agradecemos su comprensi\u00f3n y colaboraci\u00f3n.\n      <\/div>\n\n    <\/div>\n\n    <!-- Bot\u00f3n CTA -->\n    <div style=\"padding: 0 52px 40px;\">\n      <a\n        href=\"https:\/\/ensst.edu.co\/ens\/wp-content\/uploads\/2026\/04\/COMUNICADO-27-DE-abril-ajuste-de-horarios.pdf\"\n        target=\"_blank\"\n        rel=\"noopener\"\n        style=\"display:inline-flex;align-items:center;justify-content:center;gap:10px;width:100%;padding:15px 24px;border-radius:14px;background:#4A7FAF;color:#ffffff;font-size:14px;font-weight:600;text-decoration:none;font-family:'DM Sans',Arial,sans-serif;letter-spacing:0.2px;box-sizing:border-box;box-shadow:0 4px 20px rgba(74,127,175,0.28);\"\n      >\n        <svg width=\"17\" height=\"17\" viewBox=\"0 0 24 24\" fill=\"none\" stroke=\"currentColor\" stroke-width=\"2\" stroke-linecap=\"round\" stroke-linejoin=\"round\">\n          <path d=\"M21 15v4a2 2 0 0 1-2 2H5a2 2 0 0 1-2-2v-4\"\/>\n          <polyline points=\"7 10 12 15 17 10\"\/>\n          <line x1=\"12\" y1=\"15\" x2=\"12\" y2=\"3\"\/>\n        <\/svg>\n        Descargar documento\n      <\/a>\n    <\/div>\n\n    <!-- Firma -->\n    <div class=\"com-firma\">\n      <div class=\"com-firma-divider\">\n        <div class=\"com-firma-line\"><\/div>\n        <div class=\"com-firma-diamond\"><\/div>\n        <div class=\"com-firma-line rev\"><\/div>\n      <\/div>\n      <p class=\"com-firma-nombre\">Mauricio Fonseca Alvarez<\/p>\n      <p class=\"com-firma-cargo\">Rector<\/p>\n    <\/div>\n\n    <div class=\"com-footer-bar\"><\/div>\n\n  <\/div>\n\n  <p class=\"com-pie\">Escuela Normal Superior Santiago de Tunja \u00b7 ensst.edu.co<\/p>\n\n<\/div>\n\n<\/body>\n<\/html>\t\t\t\t<\/div>\n\t\t\t\t<\/div>\n\t\t\t\t\t<\/div>\n\t\t\t\t<\/div>\n\t\t\t\t<\/div>\n\t\t","protected":false},"excerpt":{"rendered":"<p>Comunicado \u00b7 27 de Abril de 2026 \u00b7 ENSST Alcald\u00eda Mayor de Tunja Secretar\u00eda de Educaci\u00f3n Territorial Escuela Normal Superior Santiago de Tunja Documento oficial Comunicado 27 de abril de 2026 De Rector\u00eda Para Padres de familia y acudientes de cursos 10-2, 10-3, 10-5, 10-6, 10-7, 10-8, 11-1, 11-3, 11-4, 11-6, 11-7 Asunto Ajuste de [&hellip;]<\/p>\n","protected":false},"author":1,"featured_media":9588,"comment_status":"closed","ping_status":"open","sticky":false,"template":"","format":"standard","meta":{"footnotes":""},"categories":[14],"tags":[],"class_list":["post-10321","post","type-post","status-publish","format-standard","has-post-thumbnail","hentry","category-comunicados","entry","has-media"],"yoast_head":"<!-- This site is optimized with the Yoast SEO Premium plugin v26.9 (Yoast SEO v27.4) - https:\/\/yoast.com\/product\/yoast-seo-premium-wordpress\/ -->\n<title>COMUNICADO 27 DE ABRIL DE 2026- AJUSTE DE HORARIOS - ESCUELA NORMAL SUPERIOR SANTIAGO DE TUNJA<\/title>\n<meta name=\"robots\" content=\"index, follow, max-snippet:-1, max-image-preview:large, max-video-preview:-1\" \/>\n<link rel=\"canonical\" href=\"https:\/\/ensst.edu.co\/ens\/2026\/04\/27\/comunicado-27-de-abril-de-2026-ajuste-de-horarios\/\" \/>\n<meta property=\"og:locale\" content=\"es_ES\" \/>\n<meta property=\"og:type\" content=\"article\" \/>\n<meta property=\"og:title\" content=\"COMUNICADO 27 DE ABRIL DE 2026- AJUSTE DE HORARIOS\" \/>\n<meta property=\"og:description\" content=\"Comunicado \u00b7 27 de Abril de 2026 \u00b7 ENSST Alcald\u00eda Mayor de Tunja Secretar\u00eda de Educaci\u00f3n Territorial Escuela Normal Superior Santiago de Tunja Documento oficial Comunicado 27 de abril de 2026 De Rector\u00eda Para Padres de familia y acudientes de cursos 10-2, 10-3, 10-5, 10-6, 10-7, 10-8, 11-1, 11-3, 11-4, 11-6, 11-7 Asunto Ajuste de [&hellip;]\" \/>\n<meta property=\"og:url\" content=\"https:\/\/ensst.edu.co\/ens\/2026\/04\/27\/comunicado-27-de-abril-de-2026-ajuste-de-horarios\/\" \/>\n<meta property=\"og:site_name\" content=\"ESCUELA NORMAL SUPERIOR SANTIAGO DE TUNJA\" \/>\n<meta property=\"article:published_time\" content=\"2026-04-27T21:34:23+00:00\" \/>\n<meta property=\"article:modified_time\" content=\"2026-04-27T21:37:48+00:00\" \/>\n<meta property=\"og:image\" content=\"https:\/\/ensst.edu.co\/ens\/wp-content\/uploads\/2025\/10\/ENSST.png\" \/>\n\t<meta property=\"og:image:width\" content=\"538\" \/>\n\t<meta property=\"og:image:height\" content=\"306\" \/>\n\t<meta property=\"og:image:type\" content=\"image\/png\" \/>\n<meta name=\"author\" content=\"ensstedu\" \/>\n<meta name=\"twitter:card\" content=\"summary_large_image\" \/>\n<meta name=\"twitter:label1\" content=\"Escrito por\" \/>\n\t<meta name=\"twitter:data1\" content=\"ensstedu\" \/>\n\t<meta name=\"twitter:label2\" content=\"Tiempo de lectura\" \/>\n\t<meta name=\"twitter:data2\" content=\"2 minutos\" \/>\n<script type=\"application\/ld+json\" class=\"yoast-schema-graph\">{\"@context\":\"https:\\\/\\\/schema.org\",\"@graph\":[{\"@type\":\"Article\",\"@id\":\"https:\\\/\\\/ensst.edu.co\\\/ens\\\/2026\\\/04\\\/27\\\/comunicado-27-de-abril-de-2026-ajuste-de-horarios\\\/#article\",\"isPartOf\":{\"@id\":\"https:\\\/\\\/ensst.edu.co\\\/ens\\\/2026\\\/04\\\/27\\\/comunicado-27-de-abril-de-2026-ajuste-de-horarios\\\/\"},\"author\":{\"name\":\"ensstedu\",\"@id\":\"https:\\\/\\\/ensst.edu.co\\\/ens\\\/#\\\/schema\\\/person\\\/8d2641fc7ac8d6c94185f26ebd409116\"},\"headline\":\"COMUNICADO 27 DE ABRIL DE 2026- AJUSTE DE HORARIOS\",\"datePublished\":\"2026-04-27T21:34:23+00:00\",\"dateModified\":\"2026-04-27T21:37:48+00:00\",\"mainEntityOfPage\":{\"@id\":\"https:\\\/\\\/ensst.edu.co\\\/ens\\\/2026\\\/04\\\/27\\\/comunicado-27-de-abril-de-2026-ajuste-de-horarios\\\/\"},\"wordCount\":282,\"publisher\":{\"@id\":\"https:\\\/\\\/ensst.edu.co\\\/ens\\\/#organization\"},\"image\":{\"@id\":\"https:\\\/\\\/ensst.edu.co\\\/ens\\\/2026\\\/04\\\/27\\\/comunicado-27-de-abril-de-2026-ajuste-de-horarios\\\/#primaryimage\"},\"thumbnailUrl\":\"https:\\\/\\\/ensst.edu.co\\\/ens\\\/wp-content\\\/uploads\\\/2025\\\/10\\\/ENSST.png\",\"articleSection\":[\"COMUNICADOS\"],\"inLanguage\":\"es\"},{\"@type\":\"WebPage\",\"@id\":\"https:\\\/\\\/ensst.edu.co\\\/ens\\\/2026\\\/04\\\/27\\\/comunicado-27-de-abril-de-2026-ajuste-de-horarios\\\/\",\"url\":\"https:\\\/\\\/ensst.edu.co\\\/ens\\\/2026\\\/04\\\/27\\\/comunicado-27-de-abril-de-2026-ajuste-de-horarios\\\/\",\"name\":\"COMUNICADO 27 DE ABRIL DE 2026- AJUSTE DE HORARIOS - ESCUELA NORMAL SUPERIOR SANTIAGO DE TUNJA\",\"isPartOf\":{\"@id\":\"https:\\\/\\\/ensst.edu.co\\\/ens\\\/#website\"},\"primaryImageOfPage\":{\"@id\":\"https:\\\/\\\/ensst.edu.co\\\/ens\\\/2026\\\/04\\\/27\\\/comunicado-27-de-abril-de-2026-ajuste-de-horarios\\\/#primaryimage\"},\"image\":{\"@id\":\"https:\\\/\\\/ensst.edu.co\\\/ens\\\/2026\\\/04\\\/27\\\/comunicado-27-de-abril-de-2026-ajuste-de-horarios\\\/#primaryimage\"},\"thumbnailUrl\":\"https:\\\/\\\/ensst.edu.co\\\/ens\\\/wp-content\\\/uploads\\\/2025\\\/10\\\/ENSST.png\",\"datePublished\":\"2026-04-27T21:34:23+00:00\",\"dateModified\":\"2026-04-27T21:37:48+00:00\",\"breadcrumb\":{\"@id\":\"https:\\\/\\\/ensst.edu.co\\\/ens\\\/2026\\\/04\\\/27\\\/comunicado-27-de-abril-de-2026-ajuste-de-horarios\\\/#breadcrumb\"},\"inLanguage\":\"es\",\"potentialAction\":[{\"@type\":\"ReadAction\",\"target\":[\"https:\\\/\\\/ensst.edu.co\\\/ens\\\/2026\\\/04\\\/27\\\/comunicado-27-de-abril-de-2026-ajuste-de-horarios\\\/\"]}]},{\"@type\":\"ImageObject\",\"inLanguage\":\"es\",\"@id\":\"https:\\\/\\\/ensst.edu.co\\\/ens\\\/2026\\\/04\\\/27\\\/comunicado-27-de-abril-de-2026-ajuste-de-horarios\\\/#primaryimage\",\"url\":\"https:\\\/\\\/ensst.edu.co\\\/ens\\\/wp-content\\\/uploads\\\/2025\\\/10\\\/ENSST.png\",\"contentUrl\":\"https:\\\/\\\/ensst.edu.co\\\/ens\\\/wp-content\\\/uploads\\\/2025\\\/10\\\/ENSST.png\",\"width\":538,\"height\":306},{\"@type\":\"BreadcrumbList\",\"@id\":\"https:\\\/\\\/ensst.edu.co\\\/ens\\\/2026\\\/04\\\/27\\\/comunicado-27-de-abril-de-2026-ajuste-de-horarios\\\/#breadcrumb\",\"itemListElement\":[{\"@type\":\"ListItem\",\"position\":1,\"name\":\"Portada\",\"item\":\"https:\\\/\\\/ensst.edu.co\\\/ens\\\/\"},{\"@type\":\"ListItem\",\"position\":2,\"name\":\"COMUNICADO 27 DE ABRIL DE 2026- AJUSTE DE HORARIOS\"}]},{\"@type\":\"WebSite\",\"@id\":\"https:\\\/\\\/ensst.edu.co\\\/ens\\\/#website\",\"url\":\"https:\\\/\\\/ensst.edu.co\\\/ens\\\/\",\"name\":\"ESCUELA NORMAL SUPERIOR SANTIAGO DE TUNJA\",\"description\":\"TUNJA - BOYAC\u00c1\",\"publisher\":{\"@id\":\"https:\\\/\\\/ensst.edu.co\\\/ens\\\/#organization\"},\"potentialAction\":[{\"@type\":\"SearchAction\",\"target\":{\"@type\":\"EntryPoint\",\"urlTemplate\":\"https:\\\/\\\/ensst.edu.co\\\/ens\\\/?s={search_term_string}\"},\"query-input\":{\"@type\":\"PropertyValueSpecification\",\"valueRequired\":true,\"valueName\":\"search_term_string\"}}],\"inLanguage\":\"es\"},{\"@type\":\"Organization\",\"@id\":\"https:\\\/\\\/ensst.edu.co\\\/ens\\\/#organization\",\"name\":\"ESCUELA NORMAL SUPERIOR SANTIAGO DE TUNJA\",\"url\":\"https:\\\/\\\/ensst.edu.co\\\/ens\\\/\",\"logo\":{\"@type\":\"ImageObject\",\"inLanguage\":\"es\",\"@id\":\"https:\\\/\\\/ensst.edu.co\\\/ens\\\/#\\\/schema\\\/logo\\\/image\\\/\",\"url\":\"https:\\\/\\\/ensst.edu.co\\\/ens\\\/wp-content\\\/uploads\\\/2020\\\/05\\\/cropped-Escudo-1.png\",\"contentUrl\":\"https:\\\/\\\/ensst.edu.co\\\/ens\\\/wp-content\\\/uploads\\\/2020\\\/05\\\/cropped-Escudo-1.png\",\"width\":512,\"height\":512,\"caption\":\"ESCUELA NORMAL SUPERIOR SANTIAGO DE TUNJA\"},\"image\":{\"@id\":\"https:\\\/\\\/ensst.edu.co\\\/ens\\\/#\\\/schema\\\/logo\\\/image\\\/\"}},{\"@type\":\"Person\",\"@id\":\"https:\\\/\\\/ensst.edu.co\\\/ens\\\/#\\\/schema\\\/person\\\/8d2641fc7ac8d6c94185f26ebd409116\",\"name\":\"ensstedu\",\"image\":{\"@type\":\"ImageObject\",\"inLanguage\":\"es\",\"@id\":\"https:\\\/\\\/secure.gravatar.com\\\/avatar\\\/e749275d06ff58ffd0d716ba1502b0092da49d07e52fc6801cf7d095f41ca27e?s=96&d=mm&r=g\",\"url\":\"https:\\\/\\\/secure.gravatar.com\\\/avatar\\\/e749275d06ff58ffd0d716ba1502b0092da49d07e52fc6801cf7d095f41ca27e?s=96&d=mm&r=g\",\"contentUrl\":\"https:\\\/\\\/secure.gravatar.com\\\/avatar\\\/e749275d06ff58ffd0d716ba1502b0092da49d07e52fc6801cf7d095f41ca27e?s=96&d=mm&r=g\",\"caption\":\"ensstedu\"},\"sameAs\":[\"https:\\\/\\\/ensst.edu.co\\\/ens\"],\"url\":\"https:\\\/\\\/ensst.edu.co\\\/ens\\\/author\\\/ensstedu\\\/\"}]}<\/script>\n<!-- \/ Yoast SEO Premium plugin. -->","yoast_head_json":{"title":"COMUNICADO 27 DE ABRIL DE 2026- AJUSTE DE HORARIOS - ESCUELA NORMAL SUPERIOR SANTIAGO DE TUNJA","robots":{"index":"index","follow":"follow","max-snippet":"max-snippet:-1","max-image-preview":"max-image-preview:large","max-video-preview":"max-video-preview:-1"},"canonical":"https:\/\/ensst.edu.co\/ens\/2026\/04\/27\/comunicado-27-de-abril-de-2026-ajuste-de-horarios\/","og_locale":"es_ES","og_type":"article","og_title":"COMUNICADO 27 DE ABRIL DE 2026- AJUSTE DE HORARIOS","og_description":"Comunicado \u00b7 27 de Abril de 2026 \u00b7 ENSST Alcald\u00eda Mayor de Tunja Secretar\u00eda de Educaci\u00f3n Territorial Escuela Normal Superior Santiago de Tunja Documento oficial Comunicado 27 de abril de 2026 De Rector\u00eda Para Padres de familia y acudientes de cursos 10-2, 10-3, 10-5, 10-6, 10-7, 10-8, 11-1, 11-3, 11-4, 11-6, 11-7 Asunto Ajuste de [&hellip;]","og_url":"https:\/\/ensst.edu.co\/ens\/2026\/04\/27\/comunicado-27-de-abril-de-2026-ajuste-de-horarios\/","og_site_name":"ESCUELA NORMAL SUPERIOR SANTIAGO DE TUNJA","article_published_time":"2026-04-27T21:34:23+00:00","article_modified_time":"2026-04-27T21:37:48+00:00","og_image":[{"width":538,"height":306,"url":"https:\/\/ensst.edu.co\/ens\/wp-content\/uploads\/2025\/10\/ENSST.png","type":"image\/png"}],"author":"ensstedu","twitter_card":"summary_large_image","twitter_misc":{"Escrito por":"ensstedu","Tiempo de lectura":"2 minutos"},"schema":{"@context":"https:\/\/schema.org","@graph":[{"@type":"Article","@id":"https:\/\/ensst.edu.co\/ens\/2026\/04\/27\/comunicado-27-de-abril-de-2026-ajuste-de-horarios\/#article","isPartOf":{"@id":"https:\/\/ensst.edu.co\/ens\/2026\/04\/27\/comunicado-27-de-abril-de-2026-ajuste-de-horarios\/"},"author":{"name":"ensstedu","@id":"https:\/\/ensst.edu.co\/ens\/#\/schema\/person\/8d2641fc7ac8d6c94185f26ebd409116"},"headline":"COMUNICADO 27 DE ABRIL DE 2026- AJUSTE DE HORARIOS","datePublished":"2026-04-27T21:34:23+00:00","dateModified":"2026-04-27T21:37:48+00:00","mainEntityOfPage":{"@id":"https:\/\/ensst.edu.co\/ens\/2026\/04\/27\/comunicado-27-de-abril-de-2026-ajuste-de-horarios\/"},"wordCount":282,"publisher":{"@id":"https:\/\/ensst.edu.co\/ens\/#organization"},"image":{"@id":"https:\/\/ensst.edu.co\/ens\/2026\/04\/27\/comunicado-27-de-abril-de-2026-ajuste-de-horarios\/#primaryimage"},"thumbnailUrl":"https:\/\/ensst.edu.co\/ens\/wp-content\/uploads\/2025\/10\/ENSST.png","articleSection":["COMUNICADOS"],"inLanguage":"es"},{"@type":"WebPage","@id":"https:\/\/ensst.edu.co\/ens\/2026\/04\/27\/comunicado-27-de-abril-de-2026-ajuste-de-horarios\/","url":"https:\/\/ensst.edu.co\/ens\/2026\/04\/27\/comunicado-27-de-abril-de-2026-ajuste-de-horarios\/","name":"COMUNICADO 27 DE ABRIL DE 2026- AJUSTE DE HORARIOS - ESCUELA NORMAL SUPERIOR SANTIAGO DE TUNJA","isPartOf":{"@id":"https:\/\/ensst.edu.co\/ens\/#website"},"primaryImageOfPage":{"@id":"https:\/\/ensst.edu.co\/ens\/2026\/04\/27\/comunicado-27-de-abril-de-2026-ajuste-de-horarios\/#primaryimage"},"image":{"@id":"https:\/\/ensst.edu.co\/ens\/2026\/04\/27\/comunicado-27-de-abril-de-2026-ajuste-de-horarios\/#primaryimage"},"thumbnailUrl":"https:\/\/ensst.edu.co\/ens\/wp-content\/uploads\/2025\/10\/ENSST.png","datePublished":"2026-04-27T21:34:23+00:00","dateModified":"2026-04-27T21:37:48+00:00","breadcrumb":{"@id":"https:\/\/ensst.edu.co\/ens\/2026\/04\/27\/comunicado-27-de-abril-de-2026-ajuste-de-horarios\/#breadcrumb"},"inLanguage":"es","potentialAction":[{"@type":"ReadAction","target":["https:\/\/ensst.edu.co\/ens\/2026\/04\/27\/comunicado-27-de-abril-de-2026-ajuste-de-horarios\/"]}]},{"@type":"ImageObject","inLanguage":"es","@id":"https:\/\/ensst.edu.co\/ens\/2026\/04\/27\/comunicado-27-de-abril-de-2026-ajuste-de-horarios\/#primaryimage","url":"https:\/\/ensst.edu.co\/ens\/wp-content\/uploads\/2025\/10\/ENSST.png","contentUrl":"https:\/\/ensst.edu.co\/ens\/wp-content\/uploads\/2025\/10\/ENSST.png","width":538,"height":306},{"@type":"BreadcrumbList","@id":"https:\/\/ensst.edu.co\/ens\/2026\/04\/27\/comunicado-27-de-abril-de-2026-ajuste-de-horarios\/#breadcrumb","itemListElement":[{"@type":"ListItem","position":1,"name":"Portada","item":"https:\/\/ensst.edu.co\/ens\/"},{"@type":"ListItem","position":2,"name":"COMUNICADO 27 DE ABRIL DE 2026- AJUSTE DE HORARIOS"}]},{"@type":"WebSite","@id":"https:\/\/ensst.edu.co\/ens\/#website","url":"https:\/\/ensst.edu.co\/ens\/","name":"ESCUELA NORMAL SUPERIOR SANTIAGO DE TUNJA","description":"TUNJA - BOYAC\u00c1","publisher":{"@id":"https:\/\/ensst.edu.co\/ens\/#organization"},"potentialAction":[{"@type":"SearchAction","target":{"@type":"EntryPoint","urlTemplate":"https:\/\/ensst.edu.co\/ens\/?s={search_term_string}"},"query-input":{"@type":"PropertyValueSpecification","valueRequired":true,"valueName":"search_term_string"}}],"inLanguage":"es"},{"@type":"Organization","@id":"https:\/\/ensst.edu.co\/ens\/#organization","name":"ESCUELA NORMAL SUPERIOR SANTIAGO DE TUNJA","url":"https:\/\/ensst.edu.co\/ens\/","logo":{"@type":"ImageObject","inLanguage":"es","@id":"https:\/\/ensst.edu.co\/ens\/#\/schema\/logo\/image\/","url":"https:\/\/ensst.edu.co\/ens\/wp-content\/uploads\/2020\/05\/cropped-Escudo-1.png","contentUrl":"https:\/\/ensst.edu.co\/ens\/wp-content\/uploads\/2020\/05\/cropped-Escudo-1.png","width":512,"height":512,"caption":"ESCUELA NORMAL SUPERIOR SANTIAGO DE TUNJA"},"image":{"@id":"https:\/\/ensst.edu.co\/ens\/#\/schema\/logo\/image\/"}},{"@type":"Person","@id":"https:\/\/ensst.edu.co\/ens\/#\/schema\/person\/8d2641fc7ac8d6c94185f26ebd409116","name":"ensstedu","image":{"@type":"ImageObject","inLanguage":"es","@id":"https:\/\/secure.gravatar.com\/avatar\/e749275d06ff58ffd0d716ba1502b0092da49d07e52fc6801cf7d095f41ca27e?s=96&d=mm&r=g","url":"https:\/\/secure.gravatar.com\/avatar\/e749275d06ff58ffd0d716ba1502b0092da49d07e52fc6801cf7d095f41ca27e?s=96&d=mm&r=g","contentUrl":"https:\/\/secure.gravatar.com\/avatar\/e749275d06ff58ffd0d716ba1502b0092da49d07e52fc6801cf7d095f41ca27e?s=96&d=mm&r=g","caption":"ensstedu"},"sameAs":["https:\/\/ensst.edu.co\/ens"],"url":"https:\/\/ensst.edu.co\/ens\/author\/ensstedu\/"}]}},"_links":{"self":[{"href":"https:\/\/ensst.edu.co\/ens\/wp-json\/wp\/v2\/posts\/10321","targetHints":{"allow":["GET"]}}],"collection":[{"href":"https:\/\/ensst.edu.co\/ens\/wp-json\/wp\/v2\/posts"}],"about":[{"href":"https:\/\/ensst.edu.co\/ens\/wp-json\/wp\/v2\/types\/post"}],"author":[{"embeddable":true,"href":"https:\/\/ensst.edu.co\/ens\/wp-json\/wp\/v2\/users\/1"}],"replies":[{"embeddable":true,"href":"https:\/\/ensst.edu.co\/ens\/wp-json\/wp\/v2\/comments?post=10321"}],"version-history":[{"count":7,"href":"https:\/\/ensst.edu.co\/ens\/wp-json\/wp\/v2\/posts\/10321\/revisions"}],"predecessor-version":[{"id":10329,"href":"https:\/\/ensst.edu.co\/ens\/wp-json\/wp\/v2\/posts\/10321\/revisions\/10329"}],"wp:featuredmedia":[{"embeddable":true,"href":"https:\/\/ensst.edu.co\/ens\/wp-json\/wp\/v2\/media\/9588"}],"wp:attachment":[{"href":"https:\/\/ensst.edu.co\/ens\/wp-json\/wp\/v2\/media?parent=10321"}],"wp:term":[{"taxonomy":"category","embeddable":true,"href":"https:\/\/ensst.edu.co\/ens\/wp-json\/wp\/v2\/categories?post=10321"},{"taxonomy":"post_tag","embeddable":true,"href":"https:\/\/ensst.edu.co\/ens\/wp-json\/wp\/v2\/tags?post=10321"}],"curies":[{"name":"wp","href":"https:\/\/api.w.org\/{rel}","templated":true}]}}